{"id":5959,"date":"2022-10-05T10:15:00","date_gmt":"2022-10-05T08:15:00","guid":{"rendered":"https:\/\/durangojesuitak.somoswoko.com\/blog\/berritasunetik-berrikuntzara\/"},"modified":"2022-12-19T10:22:41","modified_gmt":"2022-12-19T09:22:41","slug":"de-la-novedad-a-la-innovacion","status":"publish","type":"post","link":"https:\/\/www.durangojesuitak.org\/es\/blog\/de-la-novedad-a-la-innovacion\/","title":{"rendered":"De la novedad a la innovaci\u00f3n"},"content":{"rendered":"    <p class=\"entradilla\"><\/p><p>Novedad es la palabra que asociamos al inicio de curso; nuevas amistades, nuevos retos, miedos o formas de hacer. Pero la novedad suele ser limitada en el tiempo, empieza y acaba, no tiene continuidad. Por eso, en Jesuitak Durango ikastetxea la novedad se complementa con la innovaci\u00f3n.<\/p>\n\n\n\n\n<p>Hemos adaptado espacios, metodolog\u00edas y materiales para dar respuesta a las necesidades de las nuevas generaciones. Se trata de un proyecto centrado en la comunicaci\u00f3n, la apertura, el intercambio y la cercan\u00eda. Un proyecto que va desde los 0 a los 18 a\u00f1os, es decir, es un proyecto completo.<\/p>\n\n\n\n\n\n\n\n<p><strong>Paso a paso, en estos seis a\u00f1os<\/strong><\/p>\n\n\n\n<p>La metodolog\u00eda actual, fruto de un proceso iniciado en 2017, sigue activa y dispuesta a adaptarse a las nuevas necesidades. Es una metodolog\u00eda propia, centrada en la innovaci\u00f3n.<\/p>\n\n\n\n<p>Hace cinco a\u00f1os percibimos que nuestro colegio necesitaba un cambio; notamos que las necesidades del alumnado eran otras y nos esforzamos por cambiar nuestra metodolog\u00eda y materiales. A partir de ese curso, creamos un proyecto metodol\u00f3gico propio que se acercaba a la realidad del alumnado, adaptando nuestros espacios y ofreciendo una respuesta innovadora. El proceso se ha planteado pensando conjuntamente en&nbsp; todas las etapas del colegio, por ello, los cambios se est\u00e1n produciendo de forma continuada en todos los cursos de 0 a 18 a\u00f1os.<\/p>\n\n\n\n<figure class=\"wp-block-image size-full\"><img loading=\"lazy\" decoding=\"async\" width=\"627\" height=\"418\" src=\"https:\/\/www.durangojesuitak.org\/wp-content\/uploads\/2022\/10\/20677053_1655284858-627x418-1.jpg\" alt=\"\" class=\"wp-image-5923\" srcset=\"https:\/\/www.durangojesuitak.org\/wp-content\/uploads\/2022\/10\/20677053_1655284858-627x418-1.jpg 627w, https:\/\/www.durangojesuitak.org\/wp-content\/uploads\/2022\/10\/20677053_1655284858-627x418-1-300x200.jpg 300w\" sizes=\"auto, (max-width: 627px) 100vw, 627px\" \/><\/figure>\n\n\n\n<p>Hemos renovado los espacios de Educaci\u00f3n Infantil, Primaria, ESO y Bachillerato. Ofrecemos a los alumnos y alumnas espacios favorables para llevar a cabo nuestra metodolog\u00eda. Son espacios amplios, unificados, enfocados en fomentar la creatividad, luminosos, acogedores, adaptados y modernizados.<\/p>\n\n\n\n<p>Por otro lado, mientras nos faltan los \u00faltimos pasos para llegar a la meta de la total normalidad, ya ha comenzado el curso 22-23 y hemos recuperado los abrazos, la cercan\u00eda y el ambiente de casa. Comenzamos el curso con esperanza y ganas, en un ambiente familiar y recuperando la cercan\u00eda. \u00a1Aqu\u00ed nos ten\u00e9is!<\/p>\n\n\n\n<figure class=\"wp-block-image size-full\"><img loading=\"lazy\" decoding=\"async\" width=\"627\" height=\"470\" src=\"https:\/\/www.durangojesuitak.org\/wp-content\/uploads\/2022\/10\/IMG-20220908-WA0017-627x470-1.jpg\" alt=\"\" class=\"wp-image-5949\" srcset=\"https:\/\/www.durangojesuitak.org\/wp-content\/uploads\/2022\/10\/IMG-20220908-WA0017-627x470-1.jpg 627w, https:\/\/www.durangojesuitak.org\/wp-content\/uploads\/2022\/10\/IMG-20220908-WA0017-627x470-1-300x225.jpg 300w\" sizes=\"auto, (max-width: 627px) 100vw, 627px\" \/><\/figure>\n","protected":false},"excerpt":{"rendered":"<p>Hemos adaptado espacios, metodolog\u00edas y materiales para dar respuesta a las necesidades de las nuevas generaciones. Se trata de un proyecto centrado en la comunicaci\u00f3n, la apertura, el intercambio y la cercan\u00eda. Un proyecto que va desde los 0 a los 18 a\u00f1os, es decir, es un proyecto completo. Paso a paso, en estos seis [&hellip;]<\/p>\n","protected":false},"author":1,"featured_media":5920,"comment_status":"open","ping_status":"open","sticky":false,"template":"","format":"standard","meta":{"_acf_changed":false,"inline_featured_image":false,"footnotes":""},"categories":[61,67],"tags":[],"class_list":["post-5959","post","type-post","status-publish","format-standard","has-post-thumbnail","hentry","category-ensenanza-aprendizaje","category-noticias"],"acf":[],"yoast_head":"<!-- This site is optimized with the Yoast SEO plugin v26.9 - https:\/\/yoast.com\/product\/yoast-seo-wordpress\/ -->\n<title>De la novedad a la innovaci\u00f3n - Durango Jesuitak<\/title>\n<meta name=\"robots\" content=\"index, follow, max-snippet:-1, max-image-preview:large, max-video-preview:-1\" \/>\n<link rel=\"canonical\" href=\"https:\/\/www.durangojesuitak.org\/blog\/berritasunetik-berrikuntzara\/\" \/>\n<meta property=\"og:locale\" content=\"es_ES\" \/>\n<meta property=\"og:type\" content=\"article\" \/>\n<meta property=\"og:title\" content=\"De la novedad a la innovaci\u00f3n - Durango Jesuitak\" \/>\n<meta property=\"og:description\" content=\"Hemos adaptado espacios, metodolog\u00edas y materiales para dar respuesta a las necesidades de las nuevas generaciones. Se trata de un proyecto centrado en la comunicaci\u00f3n, la apertura, el intercambio y la cercan\u00eda. Un proyecto que va desde los 0 a los 18 a\u00f1os, es decir, es un proyecto completo. Paso a paso, en estos seis [&hellip;]\" \/>\n<meta property=\"og:url\" content=\"https:\/\/www.durangojesuitak.org\/blog\/berritasunetik-berrikuntzara\/\" \/>\n<meta property=\"og:site_name\" content=\"Durango Jesuitak\" \/>\n<meta property=\"article:published_time\" content=\"2022-10-05T08:15:00+00:00\" \/>\n<meta property=\"article:modified_time\" content=\"2022-12-19T09:22:41+00:00\" \/>\n<meta property=\"og:image\" content=\"https:\/\/www.durangojesuitak.org\/wp-content\/uploads\/2022\/12\/Captura-de-pantalla-2022-10-12-a-las-16.51.22-627x406-1.jpg\" \/>\n\t<meta property=\"og:image:width\" content=\"627\" \/>\n\t<meta property=\"og:image:height\" content=\"406\" \/>\n\t<meta property=\"og:image:type\" content=\"image\/jpeg\" \/>\n<meta name=\"author\" content=\"woko\" \/>\n<meta name=\"twitter:card\" content=\"summary_large_image\" \/>\n<meta name=\"twitter:label1\" content=\"Escrito por\" \/>\n\t<meta name=\"twitter:data1\" content=\"woko\" \/>\n\t<meta name=\"twitter:label2\" content=\"Tiempo de lectura\" \/>\n\t<meta name=\"twitter:data2\" content=\"2 minutos\" \/>\n<script type=\"application\/ld+json\" class=\"yoast-schema-graph\">{\"@context\":\"https:\/\/schema.org\",\"@graph\":[{\"@type\":\"Article\",\"@id\":\"https:\/\/www.durangojesuitak.org\/blog\/berritasunetik-berrikuntzara\/#article\",\"isPartOf\":{\"@id\":\"https:\/\/www.durangojesuitak.org\/blog\/berritasunetik-berrikuntzara\/\"},\"author\":{\"name\":\"woko\",\"@id\":\"https:\/\/www.durangojesuitak.org\/#\/schema\/person\/cea445c3bc724121c548ccc8a0c122fb\"},\"headline\":\"De la novedad a la innovaci\u00f3n\",\"datePublished\":\"2022-10-05T08:15:00+00:00\",\"dateModified\":\"2022-12-19T09:22:41+00:00\",\"mainEntityOfPage\":{\"@id\":\"https:\/\/www.durangojesuitak.org\/blog\/berritasunetik-berrikuntzara\/\"},\"wordCount\":283,\"commentCount\":0,\"publisher\":{\"@id\":\"https:\/\/www.durangojesuitak.org\/#organization\"},\"image\":{\"@id\":\"https:\/\/www.durangojesuitak.org\/blog\/berritasunetik-berrikuntzara\/#primaryimage\"},\"thumbnailUrl\":\"https:\/\/www.durangojesuitak.org\/wp-content\/uploads\/2022\/12\/Captura-de-pantalla-2022-10-12-a-las-16.51.22-627x406-1.jpg\",\"articleSection\":[\"Ense\u00f1anza-aprendizaje\",\"Noticias\"],\"inLanguage\":\"es\",\"potentialAction\":[{\"@type\":\"CommentAction\",\"name\":\"Comment\",\"target\":[\"https:\/\/www.durangojesuitak.org\/blog\/berritasunetik-berrikuntzara\/#respond\"]}]},{\"@type\":\"WebPage\",\"@id\":\"https:\/\/www.durangojesuitak.org\/blog\/berritasunetik-berrikuntzara\/\",\"url\":\"https:\/\/www.durangojesuitak.org\/blog\/berritasunetik-berrikuntzara\/\",\"name\":\"De la novedad a la innovaci\u00f3n - Durango Jesuitak\",\"isPartOf\":{\"@id\":\"https:\/\/www.durangojesuitak.org\/#website\"},\"primaryImageOfPage\":{\"@id\":\"https:\/\/www.durangojesuitak.org\/blog\/berritasunetik-berrikuntzara\/#primaryimage\"},\"image\":{\"@id\":\"https:\/\/www.durangojesuitak.org\/blog\/berritasunetik-berrikuntzara\/#primaryimage\"},\"thumbnailUrl\":\"https:\/\/www.durangojesuitak.org\/wp-content\/uploads\/2022\/12\/Captura-de-pantalla-2022-10-12-a-las-16.51.22-627x406-1.jpg\",\"datePublished\":\"2022-10-05T08:15:00+00:00\",\"dateModified\":\"2022-12-19T09:22:41+00:00\",\"breadcrumb\":{\"@id\":\"https:\/\/www.durangojesuitak.org\/blog\/berritasunetik-berrikuntzara\/#breadcrumb\"},\"inLanguage\":\"es\",\"potentialAction\":[{\"@type\":\"ReadAction\",\"target\":[\"https:\/\/www.durangojesuitak.org\/blog\/berritasunetik-berrikuntzara\/\"]}]},{\"@type\":\"ImageObject\",\"inLanguage\":\"es\",\"@id\":\"https:\/\/www.durangojesuitak.org\/blog\/berritasunetik-berrikuntzara\/#primaryimage\",\"url\":\"https:\/\/www.durangojesuitak.org\/wp-content\/uploads\/2022\/12\/Captura-de-pantalla-2022-10-12-a-las-16.51.22-627x406-1.jpg\",\"contentUrl\":\"https:\/\/www.durangojesuitak.org\/wp-content\/uploads\/2022\/12\/Captura-de-pantalla-2022-10-12-a-las-16.51.22-627x406-1.jpg\",\"width\":627,\"height\":406},{\"@type\":\"BreadcrumbList\",\"@id\":\"https:\/\/www.durangojesuitak.org\/blog\/berritasunetik-berrikuntzara\/#breadcrumb\",\"itemListElement\":[{\"@type\":\"ListItem\",\"position\":1,\"name\":\"Home\",\"item\":\"https:\/\/www.durangojesuitak.org\/es\/\"},{\"@type\":\"ListItem\",\"position\":2,\"name\":\"De la novedad a la innovaci\u00f3n\"}]},{\"@type\":\"WebSite\",\"@id\":\"https:\/\/www.durangojesuitak.org\/#website\",\"url\":\"https:\/\/www.durangojesuitak.org\/\",\"name\":\"Durango Jesuitak\",\"description\":\"\",\"publisher\":{\"@id\":\"https:\/\/www.durangojesuitak.org\/#organization\"},\"potentialAction\":[{\"@type\":\"SearchAction\",\"target\":{\"@type\":\"EntryPoint\",\"urlTemplate\":\"https:\/\/www.durangojesuitak.org\/?s={search_term_string}\"},\"query-input\":{\"@type\":\"PropertyValueSpecification\",\"valueRequired\":true,\"valueName\":\"search_term_string\"}}],\"inLanguage\":\"es\"},{\"@type\":\"Organization\",\"@id\":\"https:\/\/www.durangojesuitak.org\/#organization\",\"name\":\"Jesuitak Durango\",\"url\":\"https:\/\/www.durangojesuitak.org\/\",\"logo\":{\"@type\":\"ImageObject\",\"inLanguage\":\"es\",\"@id\":\"https:\/\/www.durangojesuitak.org\/#\/schema\/logo\/image\/\",\"url\":\"https:\/\/www.durangojesuitak.org\/wp-content\/uploads\/2022\/11\/cropped-Jesuitak-Durango-1.png\",\"contentUrl\":\"https:\/\/www.durangojesuitak.org\/wp-content\/uploads\/2022\/11\/cropped-Jesuitak-Durango-1.png\",\"width\":512,\"height\":512,\"caption\":\"Jesuitak Durango\"},\"image\":{\"@id\":\"https:\/\/www.durangojesuitak.org\/#\/schema\/logo\/image\/\"}},{\"@type\":\"Person\",\"@id\":\"https:\/\/www.durangojesuitak.org\/#\/schema\/person\/cea445c3bc724121c548ccc8a0c122fb\",\"name\":\"woko\",\"image\":{\"@type\":\"ImageObject\",\"inLanguage\":\"es\",\"@id\":\"https:\/\/www.durangojesuitak.org\/#\/schema\/person\/image\/\",\"url\":\"https:\/\/www.durangojesuitak.org\/wp-content\/uploads\/2021\/06\/avatar-150x150.jpg\",\"contentUrl\":\"https:\/\/www.durangojesuitak.org\/wp-content\/uploads\/2021\/06\/avatar-150x150.jpg\",\"caption\":\"woko\"},\"description\":\"Direcci\u00f3n general\",\"sameAs\":[\"https:\/\/wordpress.somoswoko.com\"]}]}<\/script>\n<!-- \/ Yoast SEO plugin. -->","yoast_head_json":{"title":"De la novedad a la innovaci\u00f3n - Durango Jesuitak","robots":{"index":"index","follow":"follow","max-snippet":"max-snippet:-1","max-image-preview":"max-image-preview:large","max-video-preview":"max-video-preview:-1"},"canonical":"https:\/\/www.durangojesuitak.org\/blog\/berritasunetik-berrikuntzara\/","og_locale":"es_ES","og_type":"article","og_title":"De la novedad a la innovaci\u00f3n - Durango Jesuitak","og_description":"Hemos adaptado espacios, metodolog\u00edas y materiales para dar respuesta a las necesidades de las nuevas generaciones. Se trata de un proyecto centrado en la comunicaci\u00f3n, la apertura, el intercambio y la cercan\u00eda. Un proyecto que va desde los 0 a los 18 a\u00f1os, es decir, es un proyecto completo. Paso a paso, en estos seis [&hellip;]","og_url":"https:\/\/www.durangojesuitak.org\/blog\/berritasunetik-berrikuntzara\/","og_site_name":"Durango Jesuitak","article_published_time":"2022-10-05T08:15:00+00:00","article_modified_time":"2022-12-19T09:22:41+00:00","og_image":[{"width":627,"height":406,"url":"https:\/\/www.durangojesuitak.org\/wp-content\/uploads\/2022\/12\/Captura-de-pantalla-2022-10-12-a-las-16.51.22-627x406-1.jpg","type":"image\/jpeg"}],"author":"woko","twitter_card":"summary_large_image","twitter_misc":{"Escrito por":"woko","Tiempo de lectura":"2 minutos"},"schema":{"@context":"https:\/\/schema.org","@graph":[{"@type":"Article","@id":"https:\/\/www.durangojesuitak.org\/blog\/berritasunetik-berrikuntzara\/#article","isPartOf":{"@id":"https:\/\/www.durangojesuitak.org\/blog\/berritasunetik-berrikuntzara\/"},"author":{"name":"woko","@id":"https:\/\/www.durangojesuitak.org\/#\/schema\/person\/cea445c3bc724121c548ccc8a0c122fb"},"headline":"De la novedad a la innovaci\u00f3n","datePublished":"2022-10-05T08:15:00+00:00","dateModified":"2022-12-19T09:22:41+00:00","mainEntityOfPage":{"@id":"https:\/\/www.durangojesuitak.org\/blog\/berritasunetik-berrikuntzara\/"},"wordCount":283,"commentCount":0,"publisher":{"@id":"https:\/\/www.durangojesuitak.org\/#organization"},"image":{"@id":"https:\/\/www.durangojesuitak.org\/blog\/berritasunetik-berrikuntzara\/#primaryimage"},"thumbnailUrl":"https:\/\/www.durangojesuitak.org\/wp-content\/uploads\/2022\/12\/Captura-de-pantalla-2022-10-12-a-las-16.51.22-627x406-1.jpg","articleSection":["Ense\u00f1anza-aprendizaje","Noticias"],"inLanguage":"es","potentialAction":[{"@type":"CommentAction","name":"Comment","target":["https:\/\/www.durangojesuitak.org\/blog\/berritasunetik-berrikuntzara\/#respond"]}]},{"@type":"WebPage","@id":"https:\/\/www.durangojesuitak.org\/blog\/berritasunetik-berrikuntzara\/","url":"https:\/\/www.durangojesuitak.org\/blog\/berritasunetik-berrikuntzara\/","name":"De la novedad a la innovaci\u00f3n - Durango Jesuitak","isPartOf":{"@id":"https:\/\/www.durangojesuitak.org\/#website"},"primaryImageOfPage":{"@id":"https:\/\/www.durangojesuitak.org\/blog\/berritasunetik-berrikuntzara\/#primaryimage"},"image":{"@id":"https:\/\/www.durangojesuitak.org\/blog\/berritasunetik-berrikuntzara\/#primaryimage"},"thumbnailUrl":"https:\/\/www.durangojesuitak.org\/wp-content\/uploads\/2022\/12\/Captura-de-pantalla-2022-10-12-a-las-16.51.22-627x406-1.jpg","datePublished":"2022-10-05T08:15:00+00:00","dateModified":"2022-12-19T09:22:41+00:00","breadcrumb":{"@id":"https:\/\/www.durangojesuitak.org\/blog\/berritasunetik-berrikuntzara\/#breadcrumb"},"inLanguage":"es","potentialAction":[{"@type":"ReadAction","target":["https:\/\/www.durangojesuitak.org\/blog\/berritasunetik-berrikuntzara\/"]}]},{"@type":"ImageObject","inLanguage":"es","@id":"https:\/\/www.durangojesuitak.org\/blog\/berritasunetik-berrikuntzara\/#primaryimage","url":"https:\/\/www.durangojesuitak.org\/wp-content\/uploads\/2022\/12\/Captura-de-pantalla-2022-10-12-a-las-16.51.22-627x406-1.jpg","contentUrl":"https:\/\/www.durangojesuitak.org\/wp-content\/uploads\/2022\/12\/Captura-de-pantalla-2022-10-12-a-las-16.51.22-627x406-1.jpg","width":627,"height":406},{"@type":"BreadcrumbList","@id":"https:\/\/www.durangojesuitak.org\/blog\/berritasunetik-berrikuntzara\/#breadcrumb","itemListElement":[{"@type":"ListItem","position":1,"name":"Home","item":"https:\/\/www.durangojesuitak.org\/es\/"},{"@type":"ListItem","position":2,"name":"De la novedad a la innovaci\u00f3n"}]},{"@type":"WebSite","@id":"https:\/\/www.durangojesuitak.org\/#website","url":"https:\/\/www.durangojesuitak.org\/","name":"Durango Jesuitak","description":"","publisher":{"@id":"https:\/\/www.durangojesuitak.org\/#organization"},"potentialAction":[{"@type":"SearchAction","target":{"@type":"EntryPoint","urlTemplate":"https:\/\/www.durangojesuitak.org\/?s={search_term_string}"},"query-input":{"@type":"PropertyValueSpecification","valueRequired":true,"valueName":"search_term_string"}}],"inLanguage":"es"},{"@type":"Organization","@id":"https:\/\/www.durangojesuitak.org\/#organization","name":"Jesuitak Durango","url":"https:\/\/www.durangojesuitak.org\/","logo":{"@type":"ImageObject","inLanguage":"es","@id":"https:\/\/www.durangojesuitak.org\/#\/schema\/logo\/image\/","url":"https:\/\/www.durangojesuitak.org\/wp-content\/uploads\/2022\/11\/cropped-Jesuitak-Durango-1.png","contentUrl":"https:\/\/www.durangojesuitak.org\/wp-content\/uploads\/2022\/11\/cropped-Jesuitak-Durango-1.png","width":512,"height":512,"caption":"Jesuitak Durango"},"image":{"@id":"https:\/\/www.durangojesuitak.org\/#\/schema\/logo\/image\/"}},{"@type":"Person","@id":"https:\/\/www.durangojesuitak.org\/#\/schema\/person\/cea445c3bc724121c548ccc8a0c122fb","name":"woko","image":{"@type":"ImageObject","inLanguage":"es","@id":"https:\/\/www.durangojesuitak.org\/#\/schema\/person\/image\/","url":"https:\/\/www.durangojesuitak.org\/wp-content\/uploads\/2021\/06\/avatar-150x150.jpg","contentUrl":"https:\/\/www.durangojesuitak.org\/wp-content\/uploads\/2021\/06\/avatar-150x150.jpg","caption":"woko"},"description":"Direcci\u00f3n general","sameAs":["https:\/\/wordpress.somoswoko.com"]}]}},"_links":{"self":[{"href":"https:\/\/www.durangojesuitak.org\/es\/wp-json\/wp\/v2\/posts\/5959","targetHints":{"allow":["GET"]}}],"collection":[{"href":"https:\/\/www.durangojesuitak.org\/es\/wp-json\/wp\/v2\/posts"}],"about":[{"href":"https:\/\/www.durangojesuitak.org\/es\/wp-json\/wp\/v2\/types\/post"}],"author":[{"embeddable":true,"href":"https:\/\/www.durangojesuitak.org\/es\/wp-json\/wp\/v2\/users\/1"}],"replies":[{"embeddable":true,"href":"https:\/\/www.durangojesuitak.org\/es\/wp-json\/wp\/v2\/comments?post=5959"}],"version-history":[{"count":0,"href":"https:\/\/www.durangojesuitak.org\/es\/wp-json\/wp\/v2\/posts\/5959\/revisions"}],"wp:featuredmedia":[{"embeddable":true,"href":"https:\/\/www.durangojesuitak.org\/es\/wp-json\/wp\/v2\/media\/5920"}],"wp:attachment":[{"href":"https:\/\/www.durangojesuitak.org\/es\/wp-json\/wp\/v2\/media?parent=5959"}],"wp:term":[{"taxonomy":"category","embeddable":true,"href":"https:\/\/www.durangojesuitak.org\/es\/wp-json\/wp\/v2\/categories?post=5959"},{"taxonomy":"post_tag","embeddable":true,"href":"https:\/\/www.durangojesuitak.org\/es\/wp-json\/wp\/v2\/tags?post=5959"}],"curies":[{"name":"wp","href":"https:\/\/api.w.org\/{rel}","templated":true}]}}