{"id":6065,"date":"2022-03-31T11:01:00","date_gmt":"2022-03-31T09:01:00","guid":{"rendered":"https:\/\/durangojesuitak.somoswoko.com\/blog\/errefuxiatuentzako-harrera-talde-bateko-kide-izan-nahi-duzu\/"},"modified":"2022-12-19T11:06:59","modified_gmt":"2022-12-19T10:06:59","slug":"quieres-parte-de-un-grupo-de-acogida-de-personas-refugiadas","status":"publish","type":"post","link":"https:\/\/www.durangojesuitak.org\/es\/blog\/quieres-parte-de-un-grupo-de-acogida-de-personas-refugiadas\/","title":{"rendered":"\u00bfQuieres parte de un grupo de acogida de personas refugiadas?"},"content":{"rendered":"    <p class=\"entradilla\"><\/p><p>Desde la Compa\u00f1\u00eda de Jes\u00fas hemos puesto en marcha varias iniciativas relacionadas con la emergencia en Ucrania. Entre ellos se encuentra el grupo de acogida para refugiados que se ha activado a trav\u00e9s de la ONG Alboan. Puedes informarte en la jornada abierta al p\u00fablico que se realizar\u00e1 el 2 de abril en el Centro de Espiritualidad (CEL) del Santuario de Loyola.<\/p>\n\n\n\n\n<p>El&nbsp;<strong>patrocinio comunitario persigue una implicaci\u00f3n directa de la ciudadan\u00eda en las tareas de acogida e integraci\u00f3n<\/strong>&nbsp;de las personas beneficiarias de protecci\u00f3n internacional en su pueblo o ciudad. El programa de patrocinio comunitario&nbsp;es una&nbsp;<strong>propuesta innovadora y diferente de atender y acoger a personas refugiadas<\/strong>&nbsp;que requieren de protecci\u00f3n internacional, en la que participan personas u organizaciones que apoyan y ayudan a las personas refugiadas a acomodarse en sus comunidades.<\/p>\n\n\n\n<p>Mientras los programas de reasentamiento son b\u00e1sicamente de base gubernamental, el patrocinio comunitario tiene su fortaleza en la&nbsp;<strong>participaci\u00f3n comunitaria y el compromiso social<\/strong>.<\/p>\n\n\n\n<p><strong>Alboan, Fundaci\u00f3n Ellacuria, Loiolaetxea y C\u00e1ritas, con el apoyo del Gobierno&nbsp;Vasco<\/strong>, suman sus capacidades y recursos para atender a personas refugiadas mediante programas de patrocinio comunitario en Euskadi a trav\u00e9s de la experiencia piloto&nbsp;<strong>Auzolana II<\/strong>. El objetivo es mejorar y reforzar la coordinaci\u00f3n de las actuaciones establecidas para la acogida e integraci\u00f3n de personas solicitantes y beneficiarias de protecci\u00f3n internacional en Euskadi.<\/p>\n\n\n\n<p>El patrocinio comunitario se inici\u00f3 en Canad\u00e1 en los a\u00f1os 70, como instrumento complementario al programa gubernamental de reasentamiento, que permit\u00eda garantizar el acceso a la protecci\u00f3n internacional a un n\u00famero mayor de personas. Hasta la fecha,&nbsp;<strong>m\u00e1s de 300.000 personas refugiadas se han integrado<\/strong>&nbsp;a trav\u00e9s de este instrumento de reasentamiento, 62.000 de las cuales son personas sirias llegadas desde 2015. M\u00e1s de dos millones de nacionales canadienses han estado involucrados de alguna manera en el recibimiento y acogida de personas refugiadas sirias en Canad\u00e1.<\/p>\n\n\n\n<p>Si tienes inter\u00e9s en participar, o&nbsp;conocer las experiencias piloto del programa, te invitamos&nbsp;<strong>a participar el&nbsp;2 de abril en la jornada que tendr\u00e1 lugar en el Santuario de Loiola<\/strong>.&nbsp;<\/p>\n\n\n\n    <h2        class=\"block-texto\n        h2        no-centrado        no-mayusculas                            \">Programa de la jornada    <\/h2>\n\n\n\n\n<p><strong>\u201cModelo de refugio: Reasentando la convivencia\u201d<\/strong><\/p>\n\n\n\n<p>\u2013 10:00h-10:15h Bienvenida.<\/p>\n\n\n\n<p>\u2013 10:15h-11:15h Origen del conflicto sirio. Situaci\u00f3n de las familias refugiadas sirias en L\u00edbano.<\/p>\n\n\n\n<p>\u2013 11:15h-11:45h Caf\u00e9<\/p>\n\n\n\n<p>\u2013 11:45h-13:15h Modelo del patrocinio comunitario y experiencia 2019-2021<\/p>\n\n\n\n<p>\u2013 14:30h-15:30h Gesti\u00f3n de expectativas: herramientas para la convivencia<\/p>\n\n\n\n<p>\u2013 15:30h-17:00h Claves de convivencia: hacia un modelo intercultural<\/p>\n\n\n\n<p>\u2013 17:00h-17:15h Evaluaci\u00f3n<\/p>\n\n\n\n<p>*La comida estar\u00e1 incluida y habr\u00e1 opci\u00f3n vegetariana, en el formulario indicar \u00fanicamente intolerancias y alergias para tener en cuenta.<\/p>\n\n\n\n<p><a href=\"https:\/\/docs.google.com\/forms\/d\/e\/1FAIpQLSdAOA2ivqdCKv7JdjhPMRRBnywM0_uHd8o1kAJRLHe7XIPepw\/viewform\"><strong><a href=\"https:\/\/docs.google.com\/forms\/d\/e\/1FAIpQLSdAOA2ivqdCKv7JdjhPMRRBnywM0_uHd8o1kAJRLHe7XIPepw\/viewform\"><strong>INSCR\u00cdBETE AQU\u00cd<\/strong><\/a><\/strong><\/a><\/p>\n","protected":false},"excerpt":{"rendered":"<p>El&nbsp;patrocinio comunitario persigue una implicaci\u00f3n directa de la ciudadan\u00eda en las tareas de acogida e integraci\u00f3n&nbsp;de las personas beneficiarias de protecci\u00f3n internacional en su pueblo o ciudad. El programa de patrocinio comunitario&nbsp;es una&nbsp;propuesta innovadora y diferente de atender y acoger a personas refugiadas&nbsp;que requieren de protecci\u00f3n internacional, en la que participan personas u organizaciones que [&hellip;]<\/p>\n","protected":false},"author":1,"featured_media":6062,"comment_status":"open","ping_status":"open","sticky":false,"template":"","format":"standard","meta":{"_acf_changed":false,"inline_featured_image":false,"footnotes":""},"categories":[63],"tags":[],"class_list":["post-6065","post","type-post","status-publish","format-standard","has-post-thumbnail","hentry","category-incidencia-social"],"acf":[],"yoast_head":"<!-- This site is optimized with the Yoast SEO plugin v26.9 - https:\/\/yoast.com\/product\/yoast-seo-wordpress\/ -->\n<title>\u00bfQuieres parte de un grupo de acogida de personas refugiadas? - Durango Jesuitak<\/title>\n<meta name=\"robots\" content=\"index, follow, max-snippet:-1, max-image-preview:large, max-video-preview:-1\" \/>\n<link rel=\"canonical\" href=\"https:\/\/www.durangojesuitak.org\/blog\/errefuxiatuentzako-harrera-talde-bateko-kide-izan-nahi-duzu\/\" \/>\n<meta property=\"og:locale\" content=\"es_ES\" \/>\n<meta property=\"og:type\" content=\"article\" \/>\n<meta property=\"og:title\" content=\"\u00bfQuieres parte de un grupo de acogida de personas refugiadas? - Durango Jesuitak\" \/>\n<meta property=\"og:description\" content=\"El&nbsp;patrocinio comunitario persigue una implicaci\u00f3n directa de la ciudadan\u00eda en las tareas de acogida e integraci\u00f3n&nbsp;de las personas beneficiarias de protecci\u00f3n internacional en su pueblo o ciudad. El programa de patrocinio comunitario&nbsp;es una&nbsp;propuesta innovadora y diferente de atender y acoger a personas refugiadas&nbsp;que requieren de protecci\u00f3n internacional, en la que participan personas u organizaciones que [&hellip;]\" \/>\n<meta property=\"og:url\" content=\"https:\/\/www.durangojesuitak.org\/blog\/errefuxiatuentzako-harrera-talde-bateko-kide-izan-nahi-duzu\/\" \/>\n<meta property=\"og:site_name\" content=\"Durango Jesuitak\" \/>\n<meta property=\"article:published_time\" content=\"2022-03-31T09:01:00+00:00\" \/>\n<meta property=\"article:modified_time\" content=\"2022-12-19T10:06:59+00:00\" \/>\n<meta property=\"og:image\" content=\"https:\/\/www.durangojesuitak.org\/wp-content\/uploads\/2022\/12\/imagen.png\" \/>\n\t<meta property=\"og:image:width\" content=\"763\" \/>\n\t<meta property=\"og:image:height\" content=\"430\" \/>\n\t<meta property=\"og:image:type\" content=\"image\/png\" \/>\n<meta name=\"author\" content=\"woko\" \/>\n<meta name=\"twitter:card\" content=\"summary_large_image\" \/>\n<meta name=\"twitter:label1\" content=\"Escrito por\" \/>\n\t<meta name=\"twitter:data1\" content=\"woko\" \/>\n\t<meta name=\"twitter:label2\" content=\"Tiempo de lectura\" \/>\n\t<meta name=\"twitter:data2\" content=\"2 minutos\" \/>\n<script type=\"application\/ld+json\" class=\"yoast-schema-graph\">{\"@context\":\"https:\/\/schema.org\",\"@graph\":[{\"@type\":\"Article\",\"@id\":\"https:\/\/www.durangojesuitak.org\/blog\/errefuxiatuentzako-harrera-talde-bateko-kide-izan-nahi-duzu\/#article\",\"isPartOf\":{\"@id\":\"https:\/\/www.durangojesuitak.org\/blog\/errefuxiatuentzako-harrera-talde-bateko-kide-izan-nahi-duzu\/\"},\"author\":{\"name\":\"woko\",\"@id\":\"https:\/\/www.durangojesuitak.org\/#\/schema\/person\/cea445c3bc724121c548ccc8a0c122fb\"},\"headline\":\"\u00bfQuieres parte de un grupo de acogida de personas refugiadas?\",\"datePublished\":\"2022-03-31T09:01:00+00:00\",\"dateModified\":\"2022-12-19T10:06:59+00:00\",\"mainEntityOfPage\":{\"@id\":\"https:\/\/www.durangojesuitak.org\/blog\/errefuxiatuentzako-harrera-talde-bateko-kide-izan-nahi-duzu\/\"},\"wordCount\":401,\"commentCount\":0,\"publisher\":{\"@id\":\"https:\/\/www.durangojesuitak.org\/#organization\"},\"image\":{\"@id\":\"https:\/\/www.durangojesuitak.org\/blog\/errefuxiatuentzako-harrera-talde-bateko-kide-izan-nahi-duzu\/#primaryimage\"},\"thumbnailUrl\":\"https:\/\/www.durangojesuitak.org\/wp-content\/uploads\/2022\/12\/imagen.png\",\"articleSection\":[\"Incidencia social\"],\"inLanguage\":\"es\",\"potentialAction\":[{\"@type\":\"CommentAction\",\"name\":\"Comment\",\"target\":[\"https:\/\/www.durangojesuitak.org\/blog\/errefuxiatuentzako-harrera-talde-bateko-kide-izan-nahi-duzu\/#respond\"]}]},{\"@type\":\"WebPage\",\"@id\":\"https:\/\/www.durangojesuitak.org\/blog\/errefuxiatuentzako-harrera-talde-bateko-kide-izan-nahi-duzu\/\",\"url\":\"https:\/\/www.durangojesuitak.org\/blog\/errefuxiatuentzako-harrera-talde-bateko-kide-izan-nahi-duzu\/\",\"name\":\"\u00bfQuieres parte de un grupo de acogida de personas refugiadas? - Durango Jesuitak\",\"isPartOf\":{\"@id\":\"https:\/\/www.durangojesuitak.org\/#website\"},\"primaryImageOfPage\":{\"@id\":\"https:\/\/www.durangojesuitak.org\/blog\/errefuxiatuentzako-harrera-talde-bateko-kide-izan-nahi-duzu\/#primaryimage\"},\"image\":{\"@id\":\"https:\/\/www.durangojesuitak.org\/blog\/errefuxiatuentzako-harrera-talde-bateko-kide-izan-nahi-duzu\/#primaryimage\"},\"thumbnailUrl\":\"https:\/\/www.durangojesuitak.org\/wp-content\/uploads\/2022\/12\/imagen.png\",\"datePublished\":\"2022-03-31T09:01:00+00:00\",\"dateModified\":\"2022-12-19T10:06:59+00:00\",\"breadcrumb\":{\"@id\":\"https:\/\/www.durangojesuitak.org\/blog\/errefuxiatuentzako-harrera-talde-bateko-kide-izan-nahi-duzu\/#breadcrumb\"},\"inLanguage\":\"es\",\"potentialAction\":[{\"@type\":\"ReadAction\",\"target\":[\"https:\/\/www.durangojesuitak.org\/blog\/errefuxiatuentzako-harrera-talde-bateko-kide-izan-nahi-duzu\/\"]}]},{\"@type\":\"ImageObject\",\"inLanguage\":\"es\",\"@id\":\"https:\/\/www.durangojesuitak.org\/blog\/errefuxiatuentzako-harrera-talde-bateko-kide-izan-nahi-duzu\/#primaryimage\",\"url\":\"https:\/\/www.durangojesuitak.org\/wp-content\/uploads\/2022\/12\/imagen.png\",\"contentUrl\":\"https:\/\/www.durangojesuitak.org\/wp-content\/uploads\/2022\/12\/imagen.png\",\"width\":763,\"height\":430},{\"@type\":\"BreadcrumbList\",\"@id\":\"https:\/\/www.durangojesuitak.org\/blog\/errefuxiatuentzako-harrera-talde-bateko-kide-izan-nahi-duzu\/#breadcrumb\",\"itemListElement\":[{\"@type\":\"ListItem\",\"position\":1,\"name\":\"Home\",\"item\":\"https:\/\/www.durangojesuitak.org\/es\/\"},{\"@type\":\"ListItem\",\"position\":2,\"name\":\"\u00bfQuieres parte de un grupo de acogida de personas refugiadas?\"}]},{\"@type\":\"WebSite\",\"@id\":\"https:\/\/www.durangojesuitak.org\/#website\",\"url\":\"https:\/\/www.durangojesuitak.org\/\",\"name\":\"Durango Jesuitak\",\"description\":\"\",\"publisher\":{\"@id\":\"https:\/\/www.durangojesuitak.org\/#organization\"},\"potentialAction\":[{\"@type\":\"SearchAction\",\"target\":{\"@type\":\"EntryPoint\",\"urlTemplate\":\"https:\/\/www.durangojesuitak.org\/?s={search_term_string}\"},\"query-input\":{\"@type\":\"PropertyValueSpecification\",\"valueRequired\":true,\"valueName\":\"search_term_string\"}}],\"inLanguage\":\"es\"},{\"@type\":\"Organization\",\"@id\":\"https:\/\/www.durangojesuitak.org\/#organization\",\"name\":\"Jesuitak Durango\",\"url\":\"https:\/\/www.durangojesuitak.org\/\",\"logo\":{\"@type\":\"ImageObject\",\"inLanguage\":\"es\",\"@id\":\"https:\/\/www.durangojesuitak.org\/#\/schema\/logo\/image\/\",\"url\":\"https:\/\/www.durangojesuitak.org\/wp-content\/uploads\/2022\/11\/cropped-Jesuitak-Durango-1.png\",\"contentUrl\":\"https:\/\/www.durangojesuitak.org\/wp-content\/uploads\/2022\/11\/cropped-Jesuitak-Durango-1.png\",\"width\":512,\"height\":512,\"caption\":\"Jesuitak Durango\"},\"image\":{\"@id\":\"https:\/\/www.durangojesuitak.org\/#\/schema\/logo\/image\/\"}},{\"@type\":\"Person\",\"@id\":\"https:\/\/www.durangojesuitak.org\/#\/schema\/person\/cea445c3bc724121c548ccc8a0c122fb\",\"name\":\"woko\",\"image\":{\"@type\":\"ImageObject\",\"inLanguage\":\"es\",\"@id\":\"https:\/\/www.durangojesuitak.org\/#\/schema\/person\/image\/\",\"url\":\"https:\/\/www.durangojesuitak.org\/wp-content\/uploads\/2021\/06\/avatar-150x150.jpg\",\"contentUrl\":\"https:\/\/www.durangojesuitak.org\/wp-content\/uploads\/2021\/06\/avatar-150x150.jpg\",\"caption\":\"woko\"},\"description\":\"Direcci\u00f3n general\",\"sameAs\":[\"https:\/\/wordpress.somoswoko.com\"]}]}<\/script>\n<!-- \/ Yoast SEO plugin. -->","yoast_head_json":{"title":"\u00bfQuieres parte de un grupo de acogida de personas refugiadas? - Durango Jesuitak","robots":{"index":"index","follow":"follow","max-snippet":"max-snippet:-1","max-image-preview":"max-image-preview:large","max-video-preview":"max-video-preview:-1"},"canonical":"https:\/\/www.durangojesuitak.org\/blog\/errefuxiatuentzako-harrera-talde-bateko-kide-izan-nahi-duzu\/","og_locale":"es_ES","og_type":"article","og_title":"\u00bfQuieres parte de un grupo de acogida de personas refugiadas? - Durango Jesuitak","og_description":"El&nbsp;patrocinio comunitario persigue una implicaci\u00f3n directa de la ciudadan\u00eda en las tareas de acogida e integraci\u00f3n&nbsp;de las personas beneficiarias de protecci\u00f3n internacional en su pueblo o ciudad. El programa de patrocinio comunitario&nbsp;es una&nbsp;propuesta innovadora y diferente de atender y acoger a personas refugiadas&nbsp;que requieren de protecci\u00f3n internacional, en la que participan personas u organizaciones que [&hellip;]","og_url":"https:\/\/www.durangojesuitak.org\/blog\/errefuxiatuentzako-harrera-talde-bateko-kide-izan-nahi-duzu\/","og_site_name":"Durango Jesuitak","article_published_time":"2022-03-31T09:01:00+00:00","article_modified_time":"2022-12-19T10:06:59+00:00","og_image":[{"width":763,"height":430,"url":"https:\/\/www.durangojesuitak.org\/wp-content\/uploads\/2022\/12\/imagen.png","type":"image\/png"}],"author":"woko","twitter_card":"summary_large_image","twitter_misc":{"Escrito por":"woko","Tiempo de lectura":"2 minutos"},"schema":{"@context":"https:\/\/schema.org","@graph":[{"@type":"Article","@id":"https:\/\/www.durangojesuitak.org\/blog\/errefuxiatuentzako-harrera-talde-bateko-kide-izan-nahi-duzu\/#article","isPartOf":{"@id":"https:\/\/www.durangojesuitak.org\/blog\/errefuxiatuentzako-harrera-talde-bateko-kide-izan-nahi-duzu\/"},"author":{"name":"woko","@id":"https:\/\/www.durangojesuitak.org\/#\/schema\/person\/cea445c3bc724121c548ccc8a0c122fb"},"headline":"\u00bfQuieres parte de un grupo de acogida de personas refugiadas?","datePublished":"2022-03-31T09:01:00+00:00","dateModified":"2022-12-19T10:06:59+00:00","mainEntityOfPage":{"@id":"https:\/\/www.durangojesuitak.org\/blog\/errefuxiatuentzako-harrera-talde-bateko-kide-izan-nahi-duzu\/"},"wordCount":401,"commentCount":0,"publisher":{"@id":"https:\/\/www.durangojesuitak.org\/#organization"},"image":{"@id":"https:\/\/www.durangojesuitak.org\/blog\/errefuxiatuentzako-harrera-talde-bateko-kide-izan-nahi-duzu\/#primaryimage"},"thumbnailUrl":"https:\/\/www.durangojesuitak.org\/wp-content\/uploads\/2022\/12\/imagen.png","articleSection":["Incidencia social"],"inLanguage":"es","potentialAction":[{"@type":"CommentAction","name":"Comment","target":["https:\/\/www.durangojesuitak.org\/blog\/errefuxiatuentzako-harrera-talde-bateko-kide-izan-nahi-duzu\/#respond"]}]},{"@type":"WebPage","@id":"https:\/\/www.durangojesuitak.org\/blog\/errefuxiatuentzako-harrera-talde-bateko-kide-izan-nahi-duzu\/","url":"https:\/\/www.durangojesuitak.org\/blog\/errefuxiatuentzako-harrera-talde-bateko-kide-izan-nahi-duzu\/","name":"\u00bfQuieres parte de un grupo de acogida de personas refugiadas? - Durango Jesuitak","isPartOf":{"@id":"https:\/\/www.durangojesuitak.org\/#website"},"primaryImageOfPage":{"@id":"https:\/\/www.durangojesuitak.org\/blog\/errefuxiatuentzako-harrera-talde-bateko-kide-izan-nahi-duzu\/#primaryimage"},"image":{"@id":"https:\/\/www.durangojesuitak.org\/blog\/errefuxiatuentzako-harrera-talde-bateko-kide-izan-nahi-duzu\/#primaryimage"},"thumbnailUrl":"https:\/\/www.durangojesuitak.org\/wp-content\/uploads\/2022\/12\/imagen.png","datePublished":"2022-03-31T09:01:00+00:00","dateModified":"2022-12-19T10:06:59+00:00","breadcrumb":{"@id":"https:\/\/www.durangojesuitak.org\/blog\/errefuxiatuentzako-harrera-talde-bateko-kide-izan-nahi-duzu\/#breadcrumb"},"inLanguage":"es","potentialAction":[{"@type":"ReadAction","target":["https:\/\/www.durangojesuitak.org\/blog\/errefuxiatuentzako-harrera-talde-bateko-kide-izan-nahi-duzu\/"]}]},{"@type":"ImageObject","inLanguage":"es","@id":"https:\/\/www.durangojesuitak.org\/blog\/errefuxiatuentzako-harrera-talde-bateko-kide-izan-nahi-duzu\/#primaryimage","url":"https:\/\/www.durangojesuitak.org\/wp-content\/uploads\/2022\/12\/imagen.png","contentUrl":"https:\/\/www.durangojesuitak.org\/wp-content\/uploads\/2022\/12\/imagen.png","width":763,"height":430},{"@type":"BreadcrumbList","@id":"https:\/\/www.durangojesuitak.org\/blog\/errefuxiatuentzako-harrera-talde-bateko-kide-izan-nahi-duzu\/#breadcrumb","itemListElement":[{"@type":"ListItem","position":1,"name":"Home","item":"https:\/\/www.durangojesuitak.org\/es\/"},{"@type":"ListItem","position":2,"name":"\u00bfQuieres parte de un grupo de acogida de personas refugiadas?"}]},{"@type":"WebSite","@id":"https:\/\/www.durangojesuitak.org\/#website","url":"https:\/\/www.durangojesuitak.org\/","name":"Durango Jesuitak","description":"","publisher":{"@id":"https:\/\/www.durangojesuitak.org\/#organization"},"potentialAction":[{"@type":"SearchAction","target":{"@type":"EntryPoint","urlTemplate":"https:\/\/www.durangojesuitak.org\/?s={search_term_string}"},"query-input":{"@type":"PropertyValueSpecification","valueRequired":true,"valueName":"search_term_string"}}],"inLanguage":"es"},{"@type":"Organization","@id":"https:\/\/www.durangojesuitak.org\/#organization","name":"Jesuitak Durango","url":"https:\/\/www.durangojesuitak.org\/","logo":{"@type":"ImageObject","inLanguage":"es","@id":"https:\/\/www.durangojesuitak.org\/#\/schema\/logo\/image\/","url":"https:\/\/www.durangojesuitak.org\/wp-content\/uploads\/2022\/11\/cropped-Jesuitak-Durango-1.png","contentUrl":"https:\/\/www.durangojesuitak.org\/wp-content\/uploads\/2022\/11\/cropped-Jesuitak-Durango-1.png","width":512,"height":512,"caption":"Jesuitak Durango"},"image":{"@id":"https:\/\/www.durangojesuitak.org\/#\/schema\/logo\/image\/"}},{"@type":"Person","@id":"https:\/\/www.durangojesuitak.org\/#\/schema\/person\/cea445c3bc724121c548ccc8a0c122fb","name":"woko","image":{"@type":"ImageObject","inLanguage":"es","@id":"https:\/\/www.durangojesuitak.org\/#\/schema\/person\/image\/","url":"https:\/\/www.durangojesuitak.org\/wp-content\/uploads\/2021\/06\/avatar-150x150.jpg","contentUrl":"https:\/\/www.durangojesuitak.org\/wp-content\/uploads\/2021\/06\/avatar-150x150.jpg","caption":"woko"},"description":"Direcci\u00f3n general","sameAs":["https:\/\/wordpress.somoswoko.com"]}]}},"_links":{"self":[{"href":"https:\/\/www.durangojesuitak.org\/es\/wp-json\/wp\/v2\/posts\/6065","targetHints":{"allow":["GET"]}}],"collection":[{"href":"https:\/\/www.durangojesuitak.org\/es\/wp-json\/wp\/v2\/posts"}],"about":[{"href":"https:\/\/www.durangojesuitak.org\/es\/wp-json\/wp\/v2\/types\/post"}],"author":[{"embeddable":true,"href":"https:\/\/www.durangojesuitak.org\/es\/wp-json\/wp\/v2\/users\/1"}],"replies":[{"embeddable":true,"href":"https:\/\/www.durangojesuitak.org\/es\/wp-json\/wp\/v2\/comments?post=6065"}],"version-history":[{"count":0,"href":"https:\/\/www.durangojesuitak.org\/es\/wp-json\/wp\/v2\/posts\/6065\/revisions"}],"wp:featuredmedia":[{"embeddable":true,"href":"https:\/\/www.durangojesuitak.org\/es\/wp-json\/wp\/v2\/media\/6062"}],"wp:attachment":[{"href":"https:\/\/www.durangojesuitak.org\/es\/wp-json\/wp\/v2\/media?parent=6065"}],"wp:term":[{"taxonomy":"category","embeddable":true,"href":"https:\/\/www.durangojesuitak.org\/es\/wp-json\/wp\/v2\/categories?post=6065"},{"taxonomy":"post_tag","embeddable":true,"href":"https:\/\/www.durangojesuitak.org\/es\/wp-json\/wp\/v2\/tags?post=6065"}],"curies":[{"name":"wp","href":"https:\/\/api.w.org\/{rel}","templated":true}]}}