{"id":6213,"date":"2021-04-21T08:50:00","date_gmt":"2021-04-21T06:50:00","guid":{"rendered":"https:\/\/durangojesuitak.somoswoko.com\/blog\/gurean-urratsez-urrats-irakurketa-plana-eraikitzen\/"},"modified":"2022-12-28T10:12:10","modified_gmt":"2022-12-28T09:12:10","slug":"construyendo-paso-a-paso-nuestro-plan-de-lectura","status":"publish","type":"post","link":"https:\/\/www.durangojesuitak.org\/es\/blog\/construyendo-paso-a-paso-nuestro-plan-de-lectura\/","title":{"rendered":"Construyendo, paso a paso, nuestro plan de lectura"},"content":{"rendered":"\n<p><strong>El Plan de Lectura del colegio es para mejorar la competencia ling\u00fc\u00edstica del alumnado, haciendo de la lectura una herramienta.<\/strong><\/p>\n\n\n\n<p>Para desarrollar la competencia lectora del alumnado es imprescindible trabajar de forma coordinada y programada, por lo que la misi\u00f3n del Plan Plan de Lectura del Centro es organizar y articular el trato que la escuela da a la lectura en base a objetivos claros y concretos, con el fin de:<\/p>\n\n\n\n<ul class=\"wp-block-list\"><li><strong>Que el alumnado sea capaz de comprender los textos y extraer informaci\u00f3n de lo le\u00eddo.<\/strong><\/li><li>Que sean capaces de comprender, interpretar y disfrutar del placer que proporcionan los textos literarios, convirtiendo la lectura en una oportunidad m\u00e1s&nbsp;<strong>para disfrutar y pasar el tiempo<\/strong>&nbsp;<strong>a gusto<\/strong>.<\/li><li>Reforzar la<strong>&nbsp;competencia comunicativa oral y escrita<\/strong>&nbsp;del alumnado, mejorando la competencia lectora.<\/li><\/ul>\n\n\n\n<p>El Plan de Lectura recoge un amplio abanico de orientaciones, recomendaciones y materiales, y en ello trabajamos desde el inicio del curso para tener actualizado el plan del centro.<\/p>\n\n\n\n<figure class=\"wp-block-image size-full\"><img loading=\"lazy\" decoding=\"async\" width=\"1024\" height=\"768\" src=\"https:\/\/www.durangojesuitak.org\/wp-content\/uploads\/2022\/12\/IMG-20210421-WA0003.jpeg\" alt=\"\" class=\"wp-image-6207\" srcset=\"https:\/\/www.durangojesuitak.org\/wp-content\/uploads\/2022\/12\/IMG-20210421-WA0003.jpeg 1024w, https:\/\/www.durangojesuitak.org\/wp-content\/uploads\/2022\/12\/IMG-20210421-WA0003-300x225.jpeg 300w, https:\/\/www.durangojesuitak.org\/wp-content\/uploads\/2022\/12\/IMG-20210421-WA0003-768x576.jpeg 768w\" sizes=\"auto, (max-width: 1024px) 100vw, 1024px\" \/><\/figure>\n\n\n\n<p>El plan de lectura se divide en tres bloques:<\/p>\n\n\n\n<ul class=\"wp-block-list\"><li><strong>Aprender a leer:&nbsp;<\/strong>este bloque trata de trabajar la competencia lectora, adquirir las habilidades funcionales b\u00e1sicas de la lectura. Est\u00e1 relacionado con la alfabetizaci\u00f3n y la lectura eficaz f\u00e1cil.<\/li><li><strong>Leer para aprender<\/strong>: este conjunto considera que la lectura es imprescindible para trabajar el conocimiento y el aprendizaje, tanto en la escuela como fuera de ella. Quiere ayudar sobre todo a los alumnos y alumnas a ser buenos lectores, a tener m\u00e1s acceso a la informaci\u00f3n y al descubrimiento, y a adquirir m\u00e1s sabidur\u00eda.<\/li><li><strong>Afici\u00f3n a la lectura:<\/strong>&nbsp;la adquisici\u00f3n de h\u00e1bitos de lectura tiene como objetivo ayudar al alumnado a adquirir, por su cuenta, h\u00e1bitos de lectura de textos de cualquier tipo. Como el h\u00e1bito de leer es tambi\u00e9n un medio de despertar la curiosidad, sirve no s\u00f3lo para aficionarse a la lectura, sino tambi\u00e9n para disfrutar del conocimiento que se recibe a trav\u00e9s de la lectura.<\/li><\/ul>\n\n\n\n<p>Estos tres bloques est\u00e1n unidos entre si, por ello, si uno mejora el resto tambi\u00e9n mejorar\u00e1: si se adquiere el h\u00e1bito de leer, se lee m\u00e1s para saber, aprender y compartir lo aprendido, y para mostrar que cuanto m\u00e1s y mejor se utilice la lectura, m\u00e1s y mejor se desarrollar\u00e1 el h\u00e1bito de leer.<\/p>\n\n\n\n<p><strong>El D\u00eda del Libro<\/strong><\/p>\n\n\n\n<p>Como es conocido, todos los a\u00f1os, el 23 de abril celebramos el D\u00eda del Libro, y hemos querido aprovechar estas l\u00edneas para explicarles brevemente el recorrido realizado a lo largo del a\u00f1o, e invitar a nuestras familias a participar en esta colaboraci\u00f3n.<\/p>\n\n\n\n<p>Adem\u00e1s de trabajar el \u00e1mbito te\u00f3rico, nuestro objetivo ser\u00eda proponer un coleccionismo de libros adecuados a cada franja de edad (especificando edades, temas, etc.) para fomentar la lectura en los hogares de nuestros alumnos y alumnas:<\/p>\n\n\n\n<figure class=\"wp-block-table\"><table><tbody><tr><td>Edad<\/td><td>T\u00edtulo<\/td><td>Tema que trata<\/td><\/tr><tr><td>6<\/td><td>Aintzane Usandizaga<strong>Etxe honetan<\/strong>Pamiela&nbsp;Arnal, Txabi<strong><em>Kar Kardantxilo<\/em><\/strong>Giltza, 2018 (Tren urdina)ISBN 978-84-8378-485-3 (Askatasuna)<\/td><td>CONVIVENCIA<\/td><\/tr><tr><td>8<\/td><td>Unai Elorriaga<strong>Erraldoiek ez dute lagunik jaten<\/strong>Begiko&nbsp;Antxine Mendizabal<strong>Printzesa eta ergela<\/strong>Elkar<\/td><td>CONVIVENCIA<\/td><\/tr><tr><td>10<\/td><td>Esti Vivanco<strong>Egun gorriak<\/strong>Begiko (Sexismo e Igualdad)&nbsp;<a href=\"https:\/\/www.galtzagorri.eus\/eu\/profesionalak\/idazleak\/imanol-azkue-ibarbia\">Imanol Azkue Ibarbia<\/a><strong>Kea airean bezala<\/strong>Elkar<\/td><td>CONVIVENCIA<\/td><\/tr><tr><td>6<\/td><td>Bego\u00f1a Oro<strong>Janari-biltegi magikoa<\/strong>SM ikasmina&nbsp;<\/td><td>AMISTAD<\/td><\/tr><tr><td>8<\/td><td>Ana Jaka<strong>Gerra zikinkeriari!<\/strong>Elkar&nbsp;Paddy Rekalde<strong>Lapatza<\/strong>Elkar<\/td><td>AMISTAD<\/td><\/tr><tr><td>10<\/td><td><a href=\"https:\/\/www.galtzagorri.eus\/eu\/profesionalak\/idazleak\/juan-martin-elexpuru-arregi\">Juan Martin Elexpuru Arregi<\/a><strong>Harpajolea<\/strong>Ibaizabal (Aventura)&nbsp;Mariasun Landa Etxebeste<strong>Galtzerdi suizida<\/strong>Elkarlanean<\/td><td>AMISTAD<\/td><\/tr><tr><td>6<\/td><td>Dani Martirena<strong>Cosimoren katiuskak<\/strong>Pamiela&nbsp;Bego\u00f1a Oro<strong>Rasiren aurkikuntza<\/strong>SM<\/td><td>MEDIOAMBIENTE<\/td><\/tr><tr><td>8<\/td><td>Batzuren artean<strong>Lur eta Amets. Euskal Herriaren historia<\/strong>Elkar 2015&nbsp;Katixa Agirre<strong>Amaia Lapitz eta Didoren ermandade sekretua<\/strong>Elkar, 2013<\/td><td>MEDIOAMBIENTE<\/td><\/tr><tr><td>10<\/td><td>Alaine Agirre<strong>Hau ez da zoo bat!<\/strong>Elkar (Afici\u00f3n por los animales).&nbsp;Jon Eugi<strong>Animaliakeriak<\/strong>Erein (Afici\u00f3n por los animales).<\/td><td>MEDIOAMBIENTE<\/td><\/tr><\/tbody><\/table><\/figure>\n\n\n\n<p><em>Fuente Galtzagorri Elkartea<\/em><\/p>\n\n\n\n<p><br \/><strong>M\u00e1s informaci\u00f3n:<\/strong><br \/><a href=\"https:\/\/irakurgune.hezkuntza.net\/eu\" target=\"_blank\" rel=\"noreferrer noopener\">IRAKURGUNEA, Web de plan de lectura de Euskadi<\/a><\/p>\n","protected":false},"excerpt":{"rendered":"<p>El Plan de Lectura del colegio es para mejorar la competencia ling\u00fc\u00edstica del alumnado, haciendo de la lectura una herramienta. Para desarrollar la competencia lectora del alumnado es imprescindible trabajar de forma coordinada y programada, por lo que la misi\u00f3n del Plan Plan de Lectura del Centro es organizar y articular el trato que la [&hellip;]<\/p>\n","protected":false},"author":1,"featured_media":6210,"comment_status":"open","ping_status":"open","sticky":false,"template":"","format":"standard","meta":{"_acf_changed":false,"inline_featured_image":false,"footnotes":""},"categories":[61],"tags":[129,57,130],"class_list":["post-6213","post","type-post","status-publish","format-standard","has-post-thumbnail","hentry","category-ensenanza-aprendizaje","tag-dia-del-libro-es","tag-durango-es","tag-liburuaren-eguna-es"],"acf":[],"yoast_head":"<!-- This site is optimized with the Yoast SEO plugin v26.9 - https:\/\/yoast.com\/product\/yoast-seo-wordpress\/ -->\n<title>Construyendo, paso a paso, nuestro plan de lectura - Durango Jesuitak<\/title>\n<meta name=\"robots\" content=\"index, follow, max-snippet:-1, max-image-preview:large, max-video-preview:-1\" \/>\n<link rel=\"canonical\" href=\"https:\/\/www.durangojesuitak.org\/blog\/gurean-urratsez-urrats-irakurketa-plana-eraikitzen\/\" \/>\n<meta property=\"og:locale\" content=\"es_ES\" \/>\n<meta property=\"og:type\" content=\"article\" \/>\n<meta property=\"og:title\" content=\"Construyendo, paso a paso, nuestro plan de lectura - Durango Jesuitak\" \/>\n<meta property=\"og:description\" content=\"El Plan de Lectura del colegio es para mejorar la competencia ling\u00fc\u00edstica del alumnado, haciendo de la lectura una herramienta. Para desarrollar la competencia lectora del alumnado es imprescindible trabajar de forma coordinada y programada, por lo que la misi\u00f3n del Plan Plan de Lectura del Centro es organizar y articular el trato que la [&hellip;]\" \/>\n<meta property=\"og:url\" content=\"https:\/\/www.durangojesuitak.org\/blog\/gurean-urratsez-urrats-irakurketa-plana-eraikitzen\/\" \/>\n<meta property=\"og:site_name\" content=\"Durango Jesuitak\" \/>\n<meta property=\"article:published_time\" content=\"2021-04-21T06:50:00+00:00\" \/>\n<meta property=\"article:modified_time\" content=\"2022-12-28T09:12:10+00:00\" \/>\n<meta property=\"og:image\" content=\"https:\/\/www.durangojesuitak.org\/wp-content\/uploads\/2022\/12\/IMG-20210421-WA0002.jpeg\" \/>\n\t<meta property=\"og:image:width\" content=\"1024\" \/>\n\t<meta property=\"og:image:height\" content=\"768\" \/>\n\t<meta property=\"og:image:type\" content=\"image\/jpeg\" \/>\n<meta name=\"author\" content=\"woko\" \/>\n<meta name=\"twitter:card\" content=\"summary_large_image\" \/>\n<meta name=\"twitter:label1\" content=\"Escrito por\" \/>\n\t<meta name=\"twitter:data1\" content=\"woko\" \/>\n\t<meta name=\"twitter:label2\" content=\"Tiempo de lectura\" \/>\n\t<meta name=\"twitter:data2\" content=\"3 minutos\" \/>\n<script type=\"application\/ld+json\" class=\"yoast-schema-graph\">{\"@context\":\"https:\/\/schema.org\",\"@graph\":[{\"@type\":\"Article\",\"@id\":\"https:\/\/www.durangojesuitak.org\/blog\/gurean-urratsez-urrats-irakurketa-plana-eraikitzen\/#article\",\"isPartOf\":{\"@id\":\"https:\/\/www.durangojesuitak.org\/blog\/gurean-urratsez-urrats-irakurketa-plana-eraikitzen\/\"},\"author\":{\"name\":\"woko\",\"@id\":\"https:\/\/www.durangojesuitak.org\/#\/schema\/person\/cea445c3bc724121c548ccc8a0c122fb\"},\"headline\":\"Construyendo, paso a paso, nuestro plan de lectura\",\"datePublished\":\"2021-04-21T06:50:00+00:00\",\"dateModified\":\"2022-12-28T09:12:10+00:00\",\"mainEntityOfPage\":{\"@id\":\"https:\/\/www.durangojesuitak.org\/blog\/gurean-urratsez-urrats-irakurketa-plana-eraikitzen\/\"},\"wordCount\":638,\"commentCount\":0,\"publisher\":{\"@id\":\"https:\/\/www.durangojesuitak.org\/#organization\"},\"image\":{\"@id\":\"https:\/\/www.durangojesuitak.org\/blog\/gurean-urratsez-urrats-irakurketa-plana-eraikitzen\/#primaryimage\"},\"thumbnailUrl\":\"https:\/\/www.durangojesuitak.org\/wp-content\/uploads\/2022\/12\/IMG-20210421-WA0002.jpeg\",\"keywords\":[\"D\u00eda del Libro\",\"Durango\",\"Liburuaren Eguna\"],\"articleSection\":[\"Ense\u00f1anza-aprendizaje\"],\"inLanguage\":\"es\",\"potentialAction\":[{\"@type\":\"CommentAction\",\"name\":\"Comment\",\"target\":[\"https:\/\/www.durangojesuitak.org\/blog\/gurean-urratsez-urrats-irakurketa-plana-eraikitzen\/#respond\"]}]},{\"@type\":\"WebPage\",\"@id\":\"https:\/\/www.durangojesuitak.org\/blog\/gurean-urratsez-urrats-irakurketa-plana-eraikitzen\/\",\"url\":\"https:\/\/www.durangojesuitak.org\/blog\/gurean-urratsez-urrats-irakurketa-plana-eraikitzen\/\",\"name\":\"Construyendo, paso a paso, nuestro plan de lectura - Durango Jesuitak\",\"isPartOf\":{\"@id\":\"https:\/\/www.durangojesuitak.org\/#website\"},\"primaryImageOfPage\":{\"@id\":\"https:\/\/www.durangojesuitak.org\/blog\/gurean-urratsez-urrats-irakurketa-plana-eraikitzen\/#primaryimage\"},\"image\":{\"@id\":\"https:\/\/www.durangojesuitak.org\/blog\/gurean-urratsez-urrats-irakurketa-plana-eraikitzen\/#primaryimage\"},\"thumbnailUrl\":\"https:\/\/www.durangojesuitak.org\/wp-content\/uploads\/2022\/12\/IMG-20210421-WA0002.jpeg\",\"datePublished\":\"2021-04-21T06:50:00+00:00\",\"dateModified\":\"2022-12-28T09:12:10+00:00\",\"breadcrumb\":{\"@id\":\"https:\/\/www.durangojesuitak.org\/blog\/gurean-urratsez-urrats-irakurketa-plana-eraikitzen\/#breadcrumb\"},\"inLanguage\":\"es\",\"potentialAction\":[{\"@type\":\"ReadAction\",\"target\":[\"https:\/\/www.durangojesuitak.org\/blog\/gurean-urratsez-urrats-irakurketa-plana-eraikitzen\/\"]}]},{\"@type\":\"ImageObject\",\"inLanguage\":\"es\",\"@id\":\"https:\/\/www.durangojesuitak.org\/blog\/gurean-urratsez-urrats-irakurketa-plana-eraikitzen\/#primaryimage\",\"url\":\"https:\/\/www.durangojesuitak.org\/wp-content\/uploads\/2022\/12\/IMG-20210421-WA0002.jpeg\",\"contentUrl\":\"https:\/\/www.durangojesuitak.org\/wp-content\/uploads\/2022\/12\/IMG-20210421-WA0002.jpeg\",\"width\":1024,\"height\":768},{\"@type\":\"BreadcrumbList\",\"@id\":\"https:\/\/www.durangojesuitak.org\/blog\/gurean-urratsez-urrats-irakurketa-plana-eraikitzen\/#breadcrumb\",\"itemListElement\":[{\"@type\":\"ListItem\",\"position\":1,\"name\":\"Home\",\"item\":\"https:\/\/www.durangojesuitak.org\/es\/\"},{\"@type\":\"ListItem\",\"position\":2,\"name\":\"Construyendo, paso a paso, nuestro plan de lectura\"}]},{\"@type\":\"WebSite\",\"@id\":\"https:\/\/www.durangojesuitak.org\/#website\",\"url\":\"https:\/\/www.durangojesuitak.org\/\",\"name\":\"Durango Jesuitak\",\"description\":\"\",\"publisher\":{\"@id\":\"https:\/\/www.durangojesuitak.org\/#organization\"},\"potentialAction\":[{\"@type\":\"SearchAction\",\"target\":{\"@type\":\"EntryPoint\",\"urlTemplate\":\"https:\/\/www.durangojesuitak.org\/?s={search_term_string}\"},\"query-input\":{\"@type\":\"PropertyValueSpecification\",\"valueRequired\":true,\"valueName\":\"search_term_string\"}}],\"inLanguage\":\"es\"},{\"@type\":\"Organization\",\"@id\":\"https:\/\/www.durangojesuitak.org\/#organization\",\"name\":\"Jesuitak Durango\",\"url\":\"https:\/\/www.durangojesuitak.org\/\",\"logo\":{\"@type\":\"ImageObject\",\"inLanguage\":\"es\",\"@id\":\"https:\/\/www.durangojesuitak.org\/#\/schema\/logo\/image\/\",\"url\":\"https:\/\/www.durangojesuitak.org\/wp-content\/uploads\/2022\/11\/cropped-Jesuitak-Durango-1.png\",\"contentUrl\":\"https:\/\/www.durangojesuitak.org\/wp-content\/uploads\/2022\/11\/cropped-Jesuitak-Durango-1.png\",\"width\":512,\"height\":512,\"caption\":\"Jesuitak Durango\"},\"image\":{\"@id\":\"https:\/\/www.durangojesuitak.org\/#\/schema\/logo\/image\/\"}},{\"@type\":\"Person\",\"@id\":\"https:\/\/www.durangojesuitak.org\/#\/schema\/person\/cea445c3bc724121c548ccc8a0c122fb\",\"name\":\"woko\",\"image\":{\"@type\":\"ImageObject\",\"inLanguage\":\"es\",\"@id\":\"https:\/\/www.durangojesuitak.org\/#\/schema\/person\/image\/\",\"url\":\"https:\/\/www.durangojesuitak.org\/wp-content\/uploads\/2021\/06\/avatar-150x150.jpg\",\"contentUrl\":\"https:\/\/www.durangojesuitak.org\/wp-content\/uploads\/2021\/06\/avatar-150x150.jpg\",\"caption\":\"woko\"},\"description\":\"Direcci\u00f3n general\",\"sameAs\":[\"https:\/\/wordpress.somoswoko.com\"]}]}<\/script>\n<!-- \/ Yoast SEO plugin. -->","yoast_head_json":{"title":"Construyendo, paso a paso, nuestro plan de lectura - Durango Jesuitak","robots":{"index":"index","follow":"follow","max-snippet":"max-snippet:-1","max-image-preview":"max-image-preview:large","max-video-preview":"max-video-preview:-1"},"canonical":"https:\/\/www.durangojesuitak.org\/blog\/gurean-urratsez-urrats-irakurketa-plana-eraikitzen\/","og_locale":"es_ES","og_type":"article","og_title":"Construyendo, paso a paso, nuestro plan de lectura - Durango Jesuitak","og_description":"El Plan de Lectura del colegio es para mejorar la competencia ling\u00fc\u00edstica del alumnado, haciendo de la lectura una herramienta. Para desarrollar la competencia lectora del alumnado es imprescindible trabajar de forma coordinada y programada, por lo que la misi\u00f3n del Plan Plan de Lectura del Centro es organizar y articular el trato que la [&hellip;]","og_url":"https:\/\/www.durangojesuitak.org\/blog\/gurean-urratsez-urrats-irakurketa-plana-eraikitzen\/","og_site_name":"Durango Jesuitak","article_published_time":"2021-04-21T06:50:00+00:00","article_modified_time":"2022-12-28T09:12:10+00:00","og_image":[{"width":1024,"height":768,"url":"https:\/\/www.durangojesuitak.org\/wp-content\/uploads\/2022\/12\/IMG-20210421-WA0002.jpeg","type":"image\/jpeg"}],"author":"woko","twitter_card":"summary_large_image","twitter_misc":{"Escrito por":"woko","Tiempo de lectura":"3 minutos"},"schema":{"@context":"https:\/\/schema.org","@graph":[{"@type":"Article","@id":"https:\/\/www.durangojesuitak.org\/blog\/gurean-urratsez-urrats-irakurketa-plana-eraikitzen\/#article","isPartOf":{"@id":"https:\/\/www.durangojesuitak.org\/blog\/gurean-urratsez-urrats-irakurketa-plana-eraikitzen\/"},"author":{"name":"woko","@id":"https:\/\/www.durangojesuitak.org\/#\/schema\/person\/cea445c3bc724121c548ccc8a0c122fb"},"headline":"Construyendo, paso a paso, nuestro plan de lectura","datePublished":"2021-04-21T06:50:00+00:00","dateModified":"2022-12-28T09:12:10+00:00","mainEntityOfPage":{"@id":"https:\/\/www.durangojesuitak.org\/blog\/gurean-urratsez-urrats-irakurketa-plana-eraikitzen\/"},"wordCount":638,"commentCount":0,"publisher":{"@id":"https:\/\/www.durangojesuitak.org\/#organization"},"image":{"@id":"https:\/\/www.durangojesuitak.org\/blog\/gurean-urratsez-urrats-irakurketa-plana-eraikitzen\/#primaryimage"},"thumbnailUrl":"https:\/\/www.durangojesuitak.org\/wp-content\/uploads\/2022\/12\/IMG-20210421-WA0002.jpeg","keywords":["D\u00eda del Libro","Durango","Liburuaren Eguna"],"articleSection":["Ense\u00f1anza-aprendizaje"],"inLanguage":"es","potentialAction":[{"@type":"CommentAction","name":"Comment","target":["https:\/\/www.durangojesuitak.org\/blog\/gurean-urratsez-urrats-irakurketa-plana-eraikitzen\/#respond"]}]},{"@type":"WebPage","@id":"https:\/\/www.durangojesuitak.org\/blog\/gurean-urratsez-urrats-irakurketa-plana-eraikitzen\/","url":"https:\/\/www.durangojesuitak.org\/blog\/gurean-urratsez-urrats-irakurketa-plana-eraikitzen\/","name":"Construyendo, paso a paso, nuestro plan de lectura - Durango Jesuitak","isPartOf":{"@id":"https:\/\/www.durangojesuitak.org\/#website"},"primaryImageOfPage":{"@id":"https:\/\/www.durangojesuitak.org\/blog\/gurean-urratsez-urrats-irakurketa-plana-eraikitzen\/#primaryimage"},"image":{"@id":"https:\/\/www.durangojesuitak.org\/blog\/gurean-urratsez-urrats-irakurketa-plana-eraikitzen\/#primaryimage"},"thumbnailUrl":"https:\/\/www.durangojesuitak.org\/wp-content\/uploads\/2022\/12\/IMG-20210421-WA0002.jpeg","datePublished":"2021-04-21T06:50:00+00:00","dateModified":"2022-12-28T09:12:10+00:00","breadcrumb":{"@id":"https:\/\/www.durangojesuitak.org\/blog\/gurean-urratsez-urrats-irakurketa-plana-eraikitzen\/#breadcrumb"},"inLanguage":"es","potentialAction":[{"@type":"ReadAction","target":["https:\/\/www.durangojesuitak.org\/blog\/gurean-urratsez-urrats-irakurketa-plana-eraikitzen\/"]}]},{"@type":"ImageObject","inLanguage":"es","@id":"https:\/\/www.durangojesuitak.org\/blog\/gurean-urratsez-urrats-irakurketa-plana-eraikitzen\/#primaryimage","url":"https:\/\/www.durangojesuitak.org\/wp-content\/uploads\/2022\/12\/IMG-20210421-WA0002.jpeg","contentUrl":"https:\/\/www.durangojesuitak.org\/wp-content\/uploads\/2022\/12\/IMG-20210421-WA0002.jpeg","width":1024,"height":768},{"@type":"BreadcrumbList","@id":"https:\/\/www.durangojesuitak.org\/blog\/gurean-urratsez-urrats-irakurketa-plana-eraikitzen\/#breadcrumb","itemListElement":[{"@type":"ListItem","position":1,"name":"Home","item":"https:\/\/www.durangojesuitak.org\/es\/"},{"@type":"ListItem","position":2,"name":"Construyendo, paso a paso, nuestro plan de lectura"}]},{"@type":"WebSite","@id":"https:\/\/www.durangojesuitak.org\/#website","url":"https:\/\/www.durangojesuitak.org\/","name":"Durango Jesuitak","description":"","publisher":{"@id":"https:\/\/www.durangojesuitak.org\/#organization"},"potentialAction":[{"@type":"SearchAction","target":{"@type":"EntryPoint","urlTemplate":"https:\/\/www.durangojesuitak.org\/?s={search_term_string}"},"query-input":{"@type":"PropertyValueSpecification","valueRequired":true,"valueName":"search_term_string"}}],"inLanguage":"es"},{"@type":"Organization","@id":"https:\/\/www.durangojesuitak.org\/#organization","name":"Jesuitak Durango","url":"https:\/\/www.durangojesuitak.org\/","logo":{"@type":"ImageObject","inLanguage":"es","@id":"https:\/\/www.durangojesuitak.org\/#\/schema\/logo\/image\/","url":"https:\/\/www.durangojesuitak.org\/wp-content\/uploads\/2022\/11\/cropped-Jesuitak-Durango-1.png","contentUrl":"https:\/\/www.durangojesuitak.org\/wp-content\/uploads\/2022\/11\/cropped-Jesuitak-Durango-1.png","width":512,"height":512,"caption":"Jesuitak Durango"},"image":{"@id":"https:\/\/www.durangojesuitak.org\/#\/schema\/logo\/image\/"}},{"@type":"Person","@id":"https:\/\/www.durangojesuitak.org\/#\/schema\/person\/cea445c3bc724121c548ccc8a0c122fb","name":"woko","image":{"@type":"ImageObject","inLanguage":"es","@id":"https:\/\/www.durangojesuitak.org\/#\/schema\/person\/image\/","url":"https:\/\/www.durangojesuitak.org\/wp-content\/uploads\/2021\/06\/avatar-150x150.jpg","contentUrl":"https:\/\/www.durangojesuitak.org\/wp-content\/uploads\/2021\/06\/avatar-150x150.jpg","caption":"woko"},"description":"Direcci\u00f3n general","sameAs":["https:\/\/wordpress.somoswoko.com"]}]}},"_links":{"self":[{"href":"https:\/\/www.durangojesuitak.org\/es\/wp-json\/wp\/v2\/posts\/6213","targetHints":{"allow":["GET"]}}],"collection":[{"href":"https:\/\/www.durangojesuitak.org\/es\/wp-json\/wp\/v2\/posts"}],"about":[{"href":"https:\/\/www.durangojesuitak.org\/es\/wp-json\/wp\/v2\/types\/post"}],"author":[{"embeddable":true,"href":"https:\/\/www.durangojesuitak.org\/es\/wp-json\/wp\/v2\/users\/1"}],"replies":[{"embeddable":true,"href":"https:\/\/www.durangojesuitak.org\/es\/wp-json\/wp\/v2\/comments?post=6213"}],"version-history":[{"count":0,"href":"https:\/\/www.durangojesuitak.org\/es\/wp-json\/wp\/v2\/posts\/6213\/revisions"}],"wp:featuredmedia":[{"embeddable":true,"href":"https:\/\/www.durangojesuitak.org\/es\/wp-json\/wp\/v2\/media\/6210"}],"wp:attachment":[{"href":"https:\/\/www.durangojesuitak.org\/es\/wp-json\/wp\/v2\/media?parent=6213"}],"wp:term":[{"taxonomy":"category","embeddable":true,"href":"https:\/\/www.durangojesuitak.org\/es\/wp-json\/wp\/v2\/categories?post=6213"},{"taxonomy":"post_tag","embeddable":true,"href":"https:\/\/www.durangojesuitak.org\/es\/wp-json\/wp\/v2\/tags?post=6213"}],"curies":[{"name":"wp","href":"https:\/\/api.w.org\/{rel}","templated":true}]}}