{"id":6246,"date":"2021-05-04T03:45:00","date_gmt":"2021-05-04T01:45:00","guid":{"rendered":"https:\/\/durangojesuitak.somoswoko.com\/blog\/2021eko-udako-ekintzak\/"},"modified":"2022-12-28T09:47:26","modified_gmt":"2022-12-28T08:47:26","slug":"actividades-de-verano-2021","status":"publish","type":"post","link":"https:\/\/www.durangojesuitak.org\/es\/blog\/actividades-de-verano-2021\/","title":{"rendered":"Actividades de Verano 2021"},"content":{"rendered":"\n<p><strong>Cada vez queda menos para las vacaciones de verano, y como cada a\u00f1o, en el colegio San Jose Jesuitak tenemos preparada una amplia oferta de actividades. Durante los meses de junio y julio se podr\u00e1 disfrutar de las diferentes actividades organizadas desde paraescolares y pastoral.<\/strong><\/p>\n\n\n\n<p>En el siguiente<a href=\"https:\/\/www.durangojesuitak.org\/wp-content\/uploads\/2021\/05\/Udako-Ekintzak-2021-Folleto.pdf\"><strong>&nbsp;enlace<\/strong><\/a>&nbsp;ten\u00e9is toda la informaci\u00f3n de los Campamentos de Verano:<\/p>\n\n\n\n<p><a href=\"https:\/\/www.durangojesuitak.org\/wp-content\/uploads\/2021\/05\/Udako-Ekintzak-2021-Folleto.pdf\"><\/a><a href=\"https:\/\/www.durangojesuitak.org\/wp-content\/uploads\/2021\/05\/Udako-Ekintzak-2021-Folleto.pdf\">Folleto Informativo: Actividades de Verano<\/a><\/p>\n\n\n\n<figure class=\"wp-block-image size-full\"><img loading=\"lazy\" decoding=\"async\" width=\"933\" height=\"337\" src=\"https:\/\/www.durangojesuitak.org\/wp-content\/uploads\/2022\/12\/2021.png\" alt=\"\" class=\"wp-image-6232\" srcset=\"https:\/\/www.durangojesuitak.org\/wp-content\/uploads\/2022\/12\/2021.png 933w, https:\/\/www.durangojesuitak.org\/wp-content\/uploads\/2022\/12\/2021-300x108.png 300w, https:\/\/www.durangojesuitak.org\/wp-content\/uploads\/2022\/12\/2021-768x277.png 768w\" sizes=\"auto, (max-width: 933px) 100vw, 933px\" \/><\/figure>\n\n\n\n<p><strong>Periodos de Inscripci\u00f3n y plazas:<\/strong><\/p>\n\n\n\n<ul class=\"wp-block-list\"><li><strong>Udan Kirola (HH3-LH6):<\/strong>Del 3 al 21 de mayo.<\/li><li><strong>Heldu da Garaia (LH4-LH5):&nbsp;<\/strong>Del 3 al 21 de mayo. 40 plazas. (Sorteo el 24 de mayo en caso de haber escedente)<\/li><li><strong>Aukera Berriak (LH6-DBH1-DBH2):&nbsp;<\/strong>Del 3 al 21 de mayo. 54 plazas. (Sorteo el 24 de mayo en caso de haber escedente)<\/li><li><strong>Bideak Ezagutzen (DBH3-DBH4):&nbsp;<\/strong>Del 3 al 21 de mayo. 30 plazas. (Sorteo el 24 de mayo en caso de haber escedente)<\/li><\/ul>\n\n\n\n<figure class=\"wp-block-image size-full\"><img loading=\"lazy\" decoding=\"async\" width=\"618\" height=\"255\" src=\"https:\/\/www.durangojesuitak.org\/wp-content\/uploads\/2022\/12\/UdanKirola.png\" alt=\"\" class=\"wp-image-6234\" srcset=\"https:\/\/www.durangojesuitak.org\/wp-content\/uploads\/2022\/12\/UdanKirola.png 618w, https:\/\/www.durangojesuitak.org\/wp-content\/uploads\/2022\/12\/UdanKirola-300x124.png 300w\" sizes=\"auto, (max-width: 618px) 100vw, 618px\" \/><\/figure>\n\n\n\n<p><strong>UDAN KIROLA (Euskaraz)<\/strong><\/p>\n\n\n\n<p>Tomando la actividad deportiva como elemento saludable y como actividad para promover, disfrutar y cultivar relaciones, nuestro objetivo es disfrutar y practicar en euskera durante el campamento Udan Kirola.<\/p>\n\n\n\n<p>Practicaremos juegos cooperativos, deportes de equipo, salidas en bicicleta, deportes populares (herri kirolak), salidas a la piscina, \u2026 para cumplir con los objetivos del campamento de verano.<\/p>\n\n\n\n<p>Al mismo tiempo, es una oportunidad para conciliar la vida laboral y familiar en la \u00e9poca de verano. Los ni\u00f1os disfrutar\u00e1n del campamento de 9:00 a 14:00 (hasta las 15:00 si acuden al comedor).<\/p>\n\n\n\n<ul class=\"wp-block-list\"><li>Dirigido al alumnado de&nbsp;<strong>3 a\u00f1os de Educaci\u00f3n Infantil y el alumnado de Educaci\u00f3n Primaria (De 1\u00ba a 6\u00ba de E.P)<\/strong><\/li><li><strong>Lugar:<\/strong>San Jose Jesuitak Ikastetxea y Durango.<\/li><li><strong>Fechas:<\/strong>Del 21 de junio al 23 de julio. Posibilidad de inscribirse 1, 2, 3, 4 o 5 semanas.<\/li><li><strong>Monitorado:<\/strong>Profesorado o alumnado de magisterio, y monitorado de tiempo libre\/deportes titulados. Euskaldunes y con dominio del ingl\u00e9s.<\/li><li><strong>Horario<\/strong>: De lunes a viernes de 9:00 a 14:00<\/li><li><strong>Servicios complementarios:&nbsp;<\/strong>Ampliaci\u00f3n horaria de 7:30 a 9:00 y servicio de comedor de 14:00 a 15:00 (opcionales)<\/li><li><strong>Reuni\u00f3n Familias: 25 de mayo. Sal\u00f3n Arrupe Aretoa. 18:00<\/strong><\/li><\/ul>\n\n\n\n<figure class=\"wp-block-image size-full\"><img loading=\"lazy\" decoding=\"async\" width=\"618\" height=\"255\" src=\"https:\/\/www.durangojesuitak.org\/wp-content\/uploads\/2022\/12\/UdanKirola-1.png\" alt=\"\" class=\"wp-image-6236\" srcset=\"https:\/\/www.durangojesuitak.org\/wp-content\/uploads\/2022\/12\/UdanKirola-1.png 618w, https:\/\/www.durangojesuitak.org\/wp-content\/uploads\/2022\/12\/UdanKirola-1-300x124.png 300w\" sizes=\"auto, (max-width: 618px) 100vw, 618px\" \/><\/figure>\n\n\n\n<p><strong>AUKERA BERRIAK:<\/strong><\/p>\n\n\n\n<p>Para todo el alumnado el verano es un momento para divertirse y realizar diferentes actividades. Ha llegado el momento de dejar de lado los libros, los profesores, los ex\u00e1menes, la obligaci\u00f3n de estudiar\u2026 y divertirse con los amigos, disfrutar de la naturaleza, del pueblo y de la cultura.<br \/>Venimos a proponeros una experiencia inolvidable para vosotros.<br \/>Vivir\u00e9is varios buenos momentos: salidas monta\u00f1eras, d\u00eda de padres, talleres, juegos,<br \/>\u00a1No pod\u00e9is perder esta oportunidad!<br \/>\u00a1Animaos! Os esperamos!!!!!<\/p>\n\n\n\n<ul class=\"wp-block-list\"><li>Dirigido al alumnado de&nbsp;<strong>&nbsp;Educaci\u00f3n Primaria de 6\u00ba y Educaci\u00f3n Secundaria Obligatoria de 1\u00ba y 2\u00ba<\/strong><\/li><li><strong>Lugar:<\/strong>San Jose Jesuitak Ikastetxea y Durango.<\/li><li><strong>Fechas:<\/strong>Del 28 de junio al 4 de julio.<\/li><li><strong>Monitorado:<\/strong>Monitorado de Arrupe con titulaci\u00f3n en tiempo libre\/deportes y profesorado del colegio.<\/li><li><strong>Horario<\/strong>: De lunes a domingo de 9:00 a 18:00<\/li><li><strong>Servicios complementarios:&nbsp;<\/strong>Servicio de comedor incluido.<\/li><li><strong>Reuni\u00f3n Familias: 1 de junio. Sal\u00f3n Arrupe Aretoa. 18:00<\/strong><\/li><\/ul>\n\n\n\n<figure class=\"wp-block-image size-full\"><img loading=\"lazy\" decoding=\"async\" width=\"760\" height=\"270\" src=\"https:\/\/www.durangojesuitak.org\/wp-content\/uploads\/2022\/12\/AukeraBerriak.png\" alt=\"\" class=\"wp-image-6238\" srcset=\"https:\/\/www.durangojesuitak.org\/wp-content\/uploads\/2022\/12\/AukeraBerriak.png 760w, https:\/\/www.durangojesuitak.org\/wp-content\/uploads\/2022\/12\/AukeraBerriak-300x107.png 300w\" sizes=\"auto, (max-width: 760px) 100vw, 760px\" \/><\/figure>\n\n\n\n<p><strong>BIDEAK EZAGUTZEN:<\/strong><\/p>\n\n\n\n<p>Si quieres recorrer un camino maravilloso para disfrutar de la naturaleza, el deporte y la cultura, y tambi\u00e9n encontrarte contigo mismo\/a y con Dios en un camino lleno de sospresas, igual que en la propia vida, an\u00edmate.<\/p>\n\n\n\n<ul class=\"wp-block-list\"><li>Dirigido al alumnado de&nbsp;<strong>&nbsp;Educaci\u00f3n Secundaria Obligatoria 3\u00ba y 4\u00ba<\/strong><\/li><li><strong>Lugar:<\/strong>San Jose Jesuitak Ikastetxea y Durango.<\/li><li><strong>Fechas:<\/strong>Del 28 de junio al 4 de julio.<\/li><li><strong>Monitorado:&nbsp;<\/strong>Monitorado de Arrupe con titulaci\u00f3n en tiempo libre\/deportes y profesorado del colegio.<\/li><li><strong>Horario<\/strong>: De lunes a domingo de 9:00 a 18:00<\/li><li><strong>Servicios complementarios:&nbsp;<\/strong>&nbsp;servicio de comedor incluido.<\/li><li><strong>Reuni\u00f3n familias: 3 de junio. Sal\u00f3n Arrupe Aretoa. 18:00<\/strong><\/li><\/ul>\n","protected":false},"excerpt":{"rendered":"<p>Cada vez queda menos para las vacaciones de verano, y como cada a\u00f1o, en el colegio San Jose Jesuitak tenemos preparada una amplia oferta de actividades. Durante los meses de junio y julio se podr\u00e1 disfrutar de las diferentes actividades organizadas desde paraescolares y pastoral. En el siguiente&nbsp;enlace&nbsp;ten\u00e9is toda la informaci\u00f3n de los Campamentos de [&hellip;]<\/p>\n","protected":false},"author":1,"featured_media":6244,"comment_status":"open","ping_status":"open","sticky":false,"template":"","format":"standard","meta":{"_acf_changed":false,"inline_featured_image":false,"footnotes":""},"categories":[67],"tags":[],"class_list":["post-6246","post","type-post","status-publish","format-standard","has-post-thumbnail","hentry","category-noticias"],"acf":[],"yoast_head":"<!-- This site is optimized with the Yoast SEO plugin v26.9 - https:\/\/yoast.com\/product\/yoast-seo-wordpress\/ -->\n<title>Actividades de Verano 2021 - Durango Jesuitak<\/title>\n<meta name=\"robots\" content=\"index, follow, max-snippet:-1, max-image-preview:large, max-video-preview:-1\" \/>\n<link rel=\"canonical\" href=\"https:\/\/www.durangojesuitak.org\/blog\/2021eko-udako-ekintzak\/\" \/>\n<meta property=\"og:locale\" content=\"es_ES\" \/>\n<meta property=\"og:type\" content=\"article\" \/>\n<meta property=\"og:title\" content=\"Actividades de Verano 2021 - Durango Jesuitak\" \/>\n<meta property=\"og:description\" content=\"Cada vez queda menos para las vacaciones de verano, y como cada a\u00f1o, en el colegio San Jose Jesuitak tenemos preparada una amplia oferta de actividades. Durante los meses de junio y julio se podr\u00e1 disfrutar de las diferentes actividades organizadas desde paraescolares y pastoral. En el siguiente&nbsp;enlace&nbsp;ten\u00e9is toda la informaci\u00f3n de los Campamentos de [&hellip;]\" \/>\n<meta property=\"og:url\" content=\"https:\/\/www.durangojesuitak.org\/blog\/2021eko-udako-ekintzak\/\" \/>\n<meta property=\"og:site_name\" content=\"Durango Jesuitak\" \/>\n<meta property=\"article:published_time\" content=\"2021-05-04T01:45:00+00:00\" \/>\n<meta property=\"article:modified_time\" content=\"2022-12-28T08:47:26+00:00\" \/>\n<meta property=\"og:image\" content=\"https:\/\/www.durangojesuitak.org\/wp-content\/uploads\/2021\/05\/Kalean.jpeg\" \/>\n\t<meta property=\"og:image:width\" content=\"685\" \/>\n\t<meta property=\"og:image:height\" content=\"508\" \/>\n\t<meta property=\"og:image:type\" content=\"image\/jpeg\" \/>\n<meta name=\"author\" content=\"woko\" \/>\n<meta name=\"twitter:card\" content=\"summary_large_image\" \/>\n<meta name=\"twitter:label1\" content=\"Escrito por\" \/>\n\t<meta name=\"twitter:data1\" content=\"woko\" \/>\n\t<meta name=\"twitter:label2\" content=\"Tiempo de lectura\" \/>\n\t<meta name=\"twitter:data2\" content=\"4 minutos\" \/>\n<script type=\"application\/ld+json\" class=\"yoast-schema-graph\">{\"@context\":\"https:\/\/schema.org\",\"@graph\":[{\"@type\":\"Article\",\"@id\":\"https:\/\/www.durangojesuitak.org\/blog\/2021eko-udako-ekintzak\/#article\",\"isPartOf\":{\"@id\":\"https:\/\/www.durangojesuitak.org\/blog\/2021eko-udako-ekintzak\/\"},\"author\":{\"name\":\"woko\",\"@id\":\"https:\/\/www.durangojesuitak.org\/#\/schema\/person\/cea445c3bc724121c548ccc8a0c122fb\"},\"headline\":\"Actividades de Verano 2021\",\"datePublished\":\"2021-05-04T01:45:00+00:00\",\"dateModified\":\"2022-12-28T08:47:26+00:00\",\"mainEntityOfPage\":{\"@id\":\"https:\/\/www.durangojesuitak.org\/blog\/2021eko-udako-ekintzak\/\"},\"wordCount\":587,\"commentCount\":0,\"publisher\":{\"@id\":\"https:\/\/www.durangojesuitak.org\/#organization\"},\"image\":{\"@id\":\"https:\/\/www.durangojesuitak.org\/blog\/2021eko-udako-ekintzak\/#primaryimage\"},\"thumbnailUrl\":\"https:\/\/www.durangojesuitak.org\/wp-content\/uploads\/2021\/05\/Kalean.jpeg\",\"articleSection\":[\"Noticias\"],\"inLanguage\":\"es\",\"potentialAction\":[{\"@type\":\"CommentAction\",\"name\":\"Comment\",\"target\":[\"https:\/\/www.durangojesuitak.org\/blog\/2021eko-udako-ekintzak\/#respond\"]}]},{\"@type\":\"WebPage\",\"@id\":\"https:\/\/www.durangojesuitak.org\/blog\/2021eko-udako-ekintzak\/\",\"url\":\"https:\/\/www.durangojesuitak.org\/blog\/2021eko-udako-ekintzak\/\",\"name\":\"Actividades de Verano 2021 - Durango Jesuitak\",\"isPartOf\":{\"@id\":\"https:\/\/www.durangojesuitak.org\/#website\"},\"primaryImageOfPage\":{\"@id\":\"https:\/\/www.durangojesuitak.org\/blog\/2021eko-udako-ekintzak\/#primaryimage\"},\"image\":{\"@id\":\"https:\/\/www.durangojesuitak.org\/blog\/2021eko-udako-ekintzak\/#primaryimage\"},\"thumbnailUrl\":\"https:\/\/www.durangojesuitak.org\/wp-content\/uploads\/2021\/05\/Kalean.jpeg\",\"datePublished\":\"2021-05-04T01:45:00+00:00\",\"dateModified\":\"2022-12-28T08:47:26+00:00\",\"breadcrumb\":{\"@id\":\"https:\/\/www.durangojesuitak.org\/blog\/2021eko-udako-ekintzak\/#breadcrumb\"},\"inLanguage\":\"es\",\"potentialAction\":[{\"@type\":\"ReadAction\",\"target\":[\"https:\/\/www.durangojesuitak.org\/blog\/2021eko-udako-ekintzak\/\"]}]},{\"@type\":\"ImageObject\",\"inLanguage\":\"es\",\"@id\":\"https:\/\/www.durangojesuitak.org\/blog\/2021eko-udako-ekintzak\/#primaryimage\",\"url\":\"https:\/\/www.durangojesuitak.org\/wp-content\/uploads\/2021\/05\/Kalean.jpeg\",\"contentUrl\":\"https:\/\/www.durangojesuitak.org\/wp-content\/uploads\/2021\/05\/Kalean.jpeg\",\"width\":685,\"height\":508},{\"@type\":\"BreadcrumbList\",\"@id\":\"https:\/\/www.durangojesuitak.org\/blog\/2021eko-udako-ekintzak\/#breadcrumb\",\"itemListElement\":[{\"@type\":\"ListItem\",\"position\":1,\"name\":\"Home\",\"item\":\"https:\/\/www.durangojesuitak.org\/es\/\"},{\"@type\":\"ListItem\",\"position\":2,\"name\":\"Actividades de Verano 2021\"}]},{\"@type\":\"WebSite\",\"@id\":\"https:\/\/www.durangojesuitak.org\/#website\",\"url\":\"https:\/\/www.durangojesuitak.org\/\",\"name\":\"Durango Jesuitak\",\"description\":\"\",\"publisher\":{\"@id\":\"https:\/\/www.durangojesuitak.org\/#organization\"},\"potentialAction\":[{\"@type\":\"SearchAction\",\"target\":{\"@type\":\"EntryPoint\",\"urlTemplate\":\"https:\/\/www.durangojesuitak.org\/?s={search_term_string}\"},\"query-input\":{\"@type\":\"PropertyValueSpecification\",\"valueRequired\":true,\"valueName\":\"search_term_string\"}}],\"inLanguage\":\"es\"},{\"@type\":\"Organization\",\"@id\":\"https:\/\/www.durangojesuitak.org\/#organization\",\"name\":\"Jesuitak Durango\",\"url\":\"https:\/\/www.durangojesuitak.org\/\",\"logo\":{\"@type\":\"ImageObject\",\"inLanguage\":\"es\",\"@id\":\"https:\/\/www.durangojesuitak.org\/#\/schema\/logo\/image\/\",\"url\":\"https:\/\/www.durangojesuitak.org\/wp-content\/uploads\/2022\/11\/cropped-Jesuitak-Durango-1.png\",\"contentUrl\":\"https:\/\/www.durangojesuitak.org\/wp-content\/uploads\/2022\/11\/cropped-Jesuitak-Durango-1.png\",\"width\":512,\"height\":512,\"caption\":\"Jesuitak Durango\"},\"image\":{\"@id\":\"https:\/\/www.durangojesuitak.org\/#\/schema\/logo\/image\/\"}},{\"@type\":\"Person\",\"@id\":\"https:\/\/www.durangojesuitak.org\/#\/schema\/person\/cea445c3bc724121c548ccc8a0c122fb\",\"name\":\"woko\",\"image\":{\"@type\":\"ImageObject\",\"inLanguage\":\"es\",\"@id\":\"https:\/\/www.durangojesuitak.org\/#\/schema\/person\/image\/\",\"url\":\"https:\/\/www.durangojesuitak.org\/wp-content\/uploads\/2021\/06\/avatar-150x150.jpg\",\"contentUrl\":\"https:\/\/www.durangojesuitak.org\/wp-content\/uploads\/2021\/06\/avatar-150x150.jpg\",\"caption\":\"woko\"},\"description\":\"Direcci\u00f3n general\",\"sameAs\":[\"https:\/\/wordpress.somoswoko.com\"]}]}<\/script>\n<!-- \/ Yoast SEO plugin. -->","yoast_head_json":{"title":"Actividades de Verano 2021 - Durango Jesuitak","robots":{"index":"index","follow":"follow","max-snippet":"max-snippet:-1","max-image-preview":"max-image-preview:large","max-video-preview":"max-video-preview:-1"},"canonical":"https:\/\/www.durangojesuitak.org\/blog\/2021eko-udako-ekintzak\/","og_locale":"es_ES","og_type":"article","og_title":"Actividades de Verano 2021 - Durango Jesuitak","og_description":"Cada vez queda menos para las vacaciones de verano, y como cada a\u00f1o, en el colegio San Jose Jesuitak tenemos preparada una amplia oferta de actividades. Durante los meses de junio y julio se podr\u00e1 disfrutar de las diferentes actividades organizadas desde paraescolares y pastoral. En el siguiente&nbsp;enlace&nbsp;ten\u00e9is toda la informaci\u00f3n de los Campamentos de [&hellip;]","og_url":"https:\/\/www.durangojesuitak.org\/blog\/2021eko-udako-ekintzak\/","og_site_name":"Durango Jesuitak","article_published_time":"2021-05-04T01:45:00+00:00","article_modified_time":"2022-12-28T08:47:26+00:00","og_image":[{"width":685,"height":508,"url":"https:\/\/www.durangojesuitak.org\/wp-content\/uploads\/2021\/05\/Kalean.jpeg","type":"image\/jpeg"}],"author":"woko","twitter_card":"summary_large_image","twitter_misc":{"Escrito por":"woko","Tiempo de lectura":"4 minutos"},"schema":{"@context":"https:\/\/schema.org","@graph":[{"@type":"Article","@id":"https:\/\/www.durangojesuitak.org\/blog\/2021eko-udako-ekintzak\/#article","isPartOf":{"@id":"https:\/\/www.durangojesuitak.org\/blog\/2021eko-udako-ekintzak\/"},"author":{"name":"woko","@id":"https:\/\/www.durangojesuitak.org\/#\/schema\/person\/cea445c3bc724121c548ccc8a0c122fb"},"headline":"Actividades de Verano 2021","datePublished":"2021-05-04T01:45:00+00:00","dateModified":"2022-12-28T08:47:26+00:00","mainEntityOfPage":{"@id":"https:\/\/www.durangojesuitak.org\/blog\/2021eko-udako-ekintzak\/"},"wordCount":587,"commentCount":0,"publisher":{"@id":"https:\/\/www.durangojesuitak.org\/#organization"},"image":{"@id":"https:\/\/www.durangojesuitak.org\/blog\/2021eko-udako-ekintzak\/#primaryimage"},"thumbnailUrl":"https:\/\/www.durangojesuitak.org\/wp-content\/uploads\/2021\/05\/Kalean.jpeg","articleSection":["Noticias"],"inLanguage":"es","potentialAction":[{"@type":"CommentAction","name":"Comment","target":["https:\/\/www.durangojesuitak.org\/blog\/2021eko-udako-ekintzak\/#respond"]}]},{"@type":"WebPage","@id":"https:\/\/www.durangojesuitak.org\/blog\/2021eko-udako-ekintzak\/","url":"https:\/\/www.durangojesuitak.org\/blog\/2021eko-udako-ekintzak\/","name":"Actividades de Verano 2021 - Durango Jesuitak","isPartOf":{"@id":"https:\/\/www.durangojesuitak.org\/#website"},"primaryImageOfPage":{"@id":"https:\/\/www.durangojesuitak.org\/blog\/2021eko-udako-ekintzak\/#primaryimage"},"image":{"@id":"https:\/\/www.durangojesuitak.org\/blog\/2021eko-udako-ekintzak\/#primaryimage"},"thumbnailUrl":"https:\/\/www.durangojesuitak.org\/wp-content\/uploads\/2021\/05\/Kalean.jpeg","datePublished":"2021-05-04T01:45:00+00:00","dateModified":"2022-12-28T08:47:26+00:00","breadcrumb":{"@id":"https:\/\/www.durangojesuitak.org\/blog\/2021eko-udako-ekintzak\/#breadcrumb"},"inLanguage":"es","potentialAction":[{"@type":"ReadAction","target":["https:\/\/www.durangojesuitak.org\/blog\/2021eko-udako-ekintzak\/"]}]},{"@type":"ImageObject","inLanguage":"es","@id":"https:\/\/www.durangojesuitak.org\/blog\/2021eko-udako-ekintzak\/#primaryimage","url":"https:\/\/www.durangojesuitak.org\/wp-content\/uploads\/2021\/05\/Kalean.jpeg","contentUrl":"https:\/\/www.durangojesuitak.org\/wp-content\/uploads\/2021\/05\/Kalean.jpeg","width":685,"height":508},{"@type":"BreadcrumbList","@id":"https:\/\/www.durangojesuitak.org\/blog\/2021eko-udako-ekintzak\/#breadcrumb","itemListElement":[{"@type":"ListItem","position":1,"name":"Home","item":"https:\/\/www.durangojesuitak.org\/es\/"},{"@type":"ListItem","position":2,"name":"Actividades de Verano 2021"}]},{"@type":"WebSite","@id":"https:\/\/www.durangojesuitak.org\/#website","url":"https:\/\/www.durangojesuitak.org\/","name":"Durango Jesuitak","description":"","publisher":{"@id":"https:\/\/www.durangojesuitak.org\/#organization"},"potentialAction":[{"@type":"SearchAction","target":{"@type":"EntryPoint","urlTemplate":"https:\/\/www.durangojesuitak.org\/?s={search_term_string}"},"query-input":{"@type":"PropertyValueSpecification","valueRequired":true,"valueName":"search_term_string"}}],"inLanguage":"es"},{"@type":"Organization","@id":"https:\/\/www.durangojesuitak.org\/#organization","name":"Jesuitak Durango","url":"https:\/\/www.durangojesuitak.org\/","logo":{"@type":"ImageObject","inLanguage":"es","@id":"https:\/\/www.durangojesuitak.org\/#\/schema\/logo\/image\/","url":"https:\/\/www.durangojesuitak.org\/wp-content\/uploads\/2022\/11\/cropped-Jesuitak-Durango-1.png","contentUrl":"https:\/\/www.durangojesuitak.org\/wp-content\/uploads\/2022\/11\/cropped-Jesuitak-Durango-1.png","width":512,"height":512,"caption":"Jesuitak Durango"},"image":{"@id":"https:\/\/www.durangojesuitak.org\/#\/schema\/logo\/image\/"}},{"@type":"Person","@id":"https:\/\/www.durangojesuitak.org\/#\/schema\/person\/cea445c3bc724121c548ccc8a0c122fb","name":"woko","image":{"@type":"ImageObject","inLanguage":"es","@id":"https:\/\/www.durangojesuitak.org\/#\/schema\/person\/image\/","url":"https:\/\/www.durangojesuitak.org\/wp-content\/uploads\/2021\/06\/avatar-150x150.jpg","contentUrl":"https:\/\/www.durangojesuitak.org\/wp-content\/uploads\/2021\/06\/avatar-150x150.jpg","caption":"woko"},"description":"Direcci\u00f3n general","sameAs":["https:\/\/wordpress.somoswoko.com"]}]}},"_links":{"self":[{"href":"https:\/\/www.durangojesuitak.org\/es\/wp-json\/wp\/v2\/posts\/6246","targetHints":{"allow":["GET"]}}],"collection":[{"href":"https:\/\/www.durangojesuitak.org\/es\/wp-json\/wp\/v2\/posts"}],"about":[{"href":"https:\/\/www.durangojesuitak.org\/es\/wp-json\/wp\/v2\/types\/post"}],"author":[{"embeddable":true,"href":"https:\/\/www.durangojesuitak.org\/es\/wp-json\/wp\/v2\/users\/1"}],"replies":[{"embeddable":true,"href":"https:\/\/www.durangojesuitak.org\/es\/wp-json\/wp\/v2\/comments?post=6246"}],"version-history":[{"count":0,"href":"https:\/\/www.durangojesuitak.org\/es\/wp-json\/wp\/v2\/posts\/6246\/revisions"}],"wp:featuredmedia":[{"embeddable":true,"href":"https:\/\/www.durangojesuitak.org\/es\/wp-json\/wp\/v2\/media\/6244"}],"wp:attachment":[{"href":"https:\/\/www.durangojesuitak.org\/es\/wp-json\/wp\/v2\/media?parent=6246"}],"wp:term":[{"taxonomy":"category","embeddable":true,"href":"https:\/\/www.durangojesuitak.org\/es\/wp-json\/wp\/v2\/categories?post=6246"},{"taxonomy":"post_tag","embeddable":true,"href":"https:\/\/www.durangojesuitak.org\/es\/wp-json\/wp\/v2\/tags?post=6246"}],"curies":[{"name":"wp","href":"https:\/\/api.w.org\/{rel}","templated":true}]}}