{"id":6325,"date":"2021-06-14T04:27:00","date_gmt":"2021-06-14T02:27:00","guid":{"rendered":"https:\/\/durangojesuitak.somoswoko.com\/blog\/batxilergoko-ikasleei-agurra\/"},"modified":"2022-12-28T10:14:21","modified_gmt":"2022-12-28T09:14:21","slug":"despedida-al-alumnado-de-bachillerato","status":"publish","type":"post","link":"https:\/\/www.durangojesuitak.org\/es\/blog\/despedida-al-alumnado-de-bachillerato\/","title":{"rendered":"Despedida al alumnado de Bachillerato"},"content":{"rendered":"\n<p><strong>El pasado 10 de junio gozamos de la oportunidad y el honor de despedir al alumnado que acaba de finalizar el bachillerato. Una nueva generaci\u00f3n de j\u00f3venes, que tras haber permanecido en el colegio durante los \u00faltimos 16, 17 a\u00f1os, salen dispuestos a enfrentarse a los retos que la vida les depare.<\/strong><\/p>\n\n\n\n<p>Despues de cada una de estas despedidas los profesores nos hacemos esta pregunta: El fruto de nuestro trabajo , de nuestra labor educativa sois vosotros; sois , por tanto, la nota de nuestro examen anual. No nos alargaremos ahora con la nota que nos podamos merecer, pero si quisieramos remarcar el tes\u00f3n, esfuerzo y cari\u00f1o que hemos empleado cuando hemos trabajado con cada uno de los chicos y chicas de esta promoci\u00f3n.<\/p>\n\n\n\n<p>Me valgo de una idea extraida de un art\u00edculo de opini\u00f3n de Onintza Enbeita: \u00ab<em>Muchas veces, observando las mochilas que portan los ni\u00f1os en los patios del colegio me pregunto: \u00bfQue llevaran dentro?<\/em>&nbsp;\u00bb \u00bfQu\u00e9 llevan los alumnos y alumnas que acaban de salir del colegio en sus mochilas? Conocimientos, sentimientos, sabidur\u00eda, experiencias, amistades? \u00bf Hemos respondido a las preguntas que ellos nos lanzaron? \u00bfHemos creado en ellos la necesidad de hacerse nuevas preguntas? Preguntemos directamente a nuestros alumnos: \u00bfQu\u00e9 llev\u00e1is en vuestra mochila? \u00bfLa necesidad de conocer y trasformar el mundo? \u00bfLa revindicaci\u00f3n de m\u00e1s justicia? \u00bfLa llamada al cuidado real entre las personas?<\/p>\n\n\n\n<figure class=\"wp-block-image size-full\"><img loading=\"lazy\" decoding=\"async\" width=\"886\" height=\"591\" src=\"https:\/\/www.durangojesuitak.org\/wp-content\/uploads\/2022\/12\/5.png\" alt=\"\" class=\"wp-image-6311\" srcset=\"https:\/\/www.durangojesuitak.org\/wp-content\/uploads\/2022\/12\/5.png 886w, https:\/\/www.durangojesuitak.org\/wp-content\/uploads\/2022\/12\/5-300x200.png 300w, https:\/\/www.durangojesuitak.org\/wp-content\/uploads\/2022\/12\/5-768x512.png 768w\" sizes=\"auto, (max-width: 886px) 100vw, 886px\" \/><\/figure>\n\n\n\n<p>Durante estos a\u00f1os hemos tratado de cumplir el compromiso adquirido con las familias cuando trajisteis a vuestros hijos e hijas a nuestro centro: Brindarles contextos, situaciones y oportunidades significativas para llegar a conformarlos como personas integrales. Es por ello por lo que hemos tratado de educarlos en valores que conforman el eje de nuestra educaci\u00f3n: La gratitud, amistad, aceptaci\u00f3n de las debilidades, la mirada compasiva y comprometida sobre el mundo, la empat\u00eda y el perd\u00f3n.<\/p>\n\n\n\n<p>Para finalizar estas breves l\u00edneas, agradecemos nuevamente al alumnado y familias la enorme confianza que habeis depositado en nosotros durante estos a\u00f1os. Terminamos con unas palabras de San Ignacio de Loyola: \u00abSi nuestra educaci\u00f3n ha dejado huella en vosotros ser\u00e1 porque hab\u00e9is aprendido a leer vuestra vida y hab\u00e9is aprendido a encontrar el lugar que cada uno de vosotros debe tener en este mundo. Un mundo que tiene derecho a esperar de vosotros cosas, que superar\u00e1n lo habitual, y tiene derecho tambi\u00e9n a esperar de vosotros la disposici\u00f3n a dar lo mejor de vosotros mismos\u00bb.<\/p>\n\n\n\n<p>Nos despedimos sin adioses, con un hasta luego, hasta que quera\u00eds, hasta cuando nos necesiteis.<\/p>\n\n\n<section class=\"seccion-galeria\">\n    <div class=\"contenedor\">\n        <div class=\"margen\">\n\n            <div class=\"texto\">\n                \n            <\/div>\n                   \n            <div class=\"galeria subseccion\">\n\n                                                            <figure class=\"galeria-item swing swing--opacity\">\n                            <a href=\"https:\/\/www.durangojesuitak.org\/wp-content\/uploads\/2022\/12\/2.png\" data-lightbox=\"seccion-galeria--6314\">\n                                <img decoding=\"async\" src=\"https:\/\/www.durangojesuitak.org\/wp-content\/uploads\/2022\/12\/2.png\" alt=\"\"\/>\n                            <\/a>\n                        <\/figure>\n                                            <figure class=\"galeria-item swing swing--opacity\">\n                            <a href=\"https:\/\/www.durangojesuitak.org\/wp-content\/uploads\/2022\/12\/3.png\" data-lightbox=\"seccion-galeria--6316\">\n                                <img decoding=\"async\" src=\"https:\/\/www.durangojesuitak.org\/wp-content\/uploads\/2022\/12\/3.png\" alt=\"\"\/>\n                            <\/a>\n                        <\/figure>\n                                            <figure class=\"galeria-item swing swing--opacity\">\n                            <a href=\"https:\/\/www.durangojesuitak.org\/wp-content\/uploads\/2022\/12\/1.png\" data-lightbox=\"seccion-galeria--6318\">\n                                <img decoding=\"async\" src=\"https:\/\/www.durangojesuitak.org\/wp-content\/uploads\/2022\/12\/1.png\" alt=\"\"\/>\n                            <\/a>\n                        <\/figure>\n                                    \n            <\/div>\n\n        <\/div>\n    <\/div>\n<\/section>\n\n\n<p><a href=\"https:\/\/www.facebook.com\/sharer.php?u=https:\/\/www.durangojesuitak.org\/batxilergoko-ikasleei-agurra\/\" target=\"_blank\" rel=\"noreferrer noopener\"><\/a><\/p>\n","protected":false},"excerpt":{"rendered":"<p>El pasado 10 de junio gozamos de la oportunidad y el honor de despedir al alumnado que acaba de finalizar el bachillerato. Una nueva generaci\u00f3n de j\u00f3venes, que tras haber permanecido en el colegio durante los \u00faltimos 16, 17 a\u00f1os, salen dispuestos a enfrentarse a los retos que la vida les depare. Despues de cada [&hellip;]<\/p>\n","protected":false},"author":1,"featured_media":6320,"comment_status":"open","ping_status":"open","sticky":false,"template":"","format":"standard","meta":{"_acf_changed":false,"inline_featured_image":false,"footnotes":""},"categories":[61],"tags":[],"class_list":["post-6325","post","type-post","status-publish","format-standard","has-post-thumbnail","hentry","category-ensenanza-aprendizaje"],"acf":[],"yoast_head":"<!-- This site is optimized with the Yoast SEO plugin v26.9 - https:\/\/yoast.com\/product\/yoast-seo-wordpress\/ -->\n<title>Despedida al alumnado de Bachillerato - Durango Jesuitak<\/title>\n<meta name=\"robots\" content=\"index, follow, max-snippet:-1, max-image-preview:large, max-video-preview:-1\" \/>\n<link rel=\"canonical\" href=\"https:\/\/www.durangojesuitak.org\/blog\/batxilergoko-ikasleei-agurra\/\" \/>\n<meta property=\"og:locale\" content=\"es_ES\" \/>\n<meta property=\"og:type\" content=\"article\" \/>\n<meta property=\"og:title\" content=\"Despedida al alumnado de Bachillerato - Durango Jesuitak\" \/>\n<meta property=\"og:description\" content=\"El pasado 10 de junio gozamos de la oportunidad y el honor de despedir al alumnado que acaba de finalizar el bachillerato. Una nueva generaci\u00f3n de j\u00f3venes, que tras haber permanecido en el colegio durante los \u00faltimos 16, 17 a\u00f1os, salen dispuestos a enfrentarse a los retos que la vida les depare. Despues de cada [&hellip;]\" \/>\n<meta property=\"og:url\" content=\"https:\/\/www.durangojesuitak.org\/blog\/batxilergoko-ikasleei-agurra\/\" \/>\n<meta property=\"og:site_name\" content=\"Durango Jesuitak\" \/>\n<meta property=\"article:published_time\" content=\"2021-06-14T02:27:00+00:00\" \/>\n<meta property=\"article:modified_time\" content=\"2022-12-28T09:14:21+00:00\" \/>\n<meta property=\"og:image\" content=\"https:\/\/www.durangojesuitak.org\/wp-content\/uploads\/2022\/12\/4.png\" \/>\n\t<meta property=\"og:image:width\" content=\"886\" \/>\n\t<meta property=\"og:image:height\" content=\"591\" \/>\n\t<meta property=\"og:image:type\" content=\"image\/png\" \/>\n<meta name=\"author\" content=\"woko\" \/>\n<meta name=\"twitter:card\" content=\"summary_large_image\" \/>\n<meta name=\"twitter:label1\" content=\"Escrito por\" \/>\n\t<meta name=\"twitter:data1\" content=\"woko\" \/>\n\t<meta name=\"twitter:label2\" content=\"Tiempo de lectura\" \/>\n\t<meta name=\"twitter:data2\" content=\"3 minutos\" \/>\n<script type=\"application\/ld+json\" class=\"yoast-schema-graph\">{\"@context\":\"https:\/\/schema.org\",\"@graph\":[{\"@type\":\"Article\",\"@id\":\"https:\/\/www.durangojesuitak.org\/blog\/batxilergoko-ikasleei-agurra\/#article\",\"isPartOf\":{\"@id\":\"https:\/\/www.durangojesuitak.org\/blog\/batxilergoko-ikasleei-agurra\/\"},\"author\":{\"name\":\"woko\",\"@id\":\"https:\/\/www.durangojesuitak.org\/#\/schema\/person\/cea445c3bc724121c548ccc8a0c122fb\"},\"headline\":\"Despedida al alumnado de Bachillerato\",\"datePublished\":\"2021-06-14T02:27:00+00:00\",\"dateModified\":\"2022-12-28T09:14:21+00:00\",\"mainEntityOfPage\":{\"@id\":\"https:\/\/www.durangojesuitak.org\/blog\/batxilergoko-ikasleei-agurra\/\"},\"wordCount\":440,\"commentCount\":0,\"publisher\":{\"@id\":\"https:\/\/www.durangojesuitak.org\/#organization\"},\"image\":{\"@id\":\"https:\/\/www.durangojesuitak.org\/blog\/batxilergoko-ikasleei-agurra\/#primaryimage\"},\"thumbnailUrl\":\"https:\/\/www.durangojesuitak.org\/wp-content\/uploads\/2022\/12\/4.png\",\"articleSection\":[\"Ense\u00f1anza-aprendizaje\"],\"inLanguage\":\"es\",\"potentialAction\":[{\"@type\":\"CommentAction\",\"name\":\"Comment\",\"target\":[\"https:\/\/www.durangojesuitak.org\/blog\/batxilergoko-ikasleei-agurra\/#respond\"]}]},{\"@type\":\"WebPage\",\"@id\":\"https:\/\/www.durangojesuitak.org\/blog\/batxilergoko-ikasleei-agurra\/\",\"url\":\"https:\/\/www.durangojesuitak.org\/blog\/batxilergoko-ikasleei-agurra\/\",\"name\":\"Despedida al alumnado de Bachillerato - Durango Jesuitak\",\"isPartOf\":{\"@id\":\"https:\/\/www.durangojesuitak.org\/#website\"},\"primaryImageOfPage\":{\"@id\":\"https:\/\/www.durangojesuitak.org\/blog\/batxilergoko-ikasleei-agurra\/#primaryimage\"},\"image\":{\"@id\":\"https:\/\/www.durangojesuitak.org\/blog\/batxilergoko-ikasleei-agurra\/#primaryimage\"},\"thumbnailUrl\":\"https:\/\/www.durangojesuitak.org\/wp-content\/uploads\/2022\/12\/4.png\",\"datePublished\":\"2021-06-14T02:27:00+00:00\",\"dateModified\":\"2022-12-28T09:14:21+00:00\",\"breadcrumb\":{\"@id\":\"https:\/\/www.durangojesuitak.org\/blog\/batxilergoko-ikasleei-agurra\/#breadcrumb\"},\"inLanguage\":\"es\",\"potentialAction\":[{\"@type\":\"ReadAction\",\"target\":[\"https:\/\/www.durangojesuitak.org\/blog\/batxilergoko-ikasleei-agurra\/\"]}]},{\"@type\":\"ImageObject\",\"inLanguage\":\"es\",\"@id\":\"https:\/\/www.durangojesuitak.org\/blog\/batxilergoko-ikasleei-agurra\/#primaryimage\",\"url\":\"https:\/\/www.durangojesuitak.org\/wp-content\/uploads\/2022\/12\/4.png\",\"contentUrl\":\"https:\/\/www.durangojesuitak.org\/wp-content\/uploads\/2022\/12\/4.png\",\"width\":886,\"height\":591},{\"@type\":\"BreadcrumbList\",\"@id\":\"https:\/\/www.durangojesuitak.org\/blog\/batxilergoko-ikasleei-agurra\/#breadcrumb\",\"itemListElement\":[{\"@type\":\"ListItem\",\"position\":1,\"name\":\"Home\",\"item\":\"https:\/\/www.durangojesuitak.org\/es\/\"},{\"@type\":\"ListItem\",\"position\":2,\"name\":\"Despedida al alumnado de Bachillerato\"}]},{\"@type\":\"WebSite\",\"@id\":\"https:\/\/www.durangojesuitak.org\/#website\",\"url\":\"https:\/\/www.durangojesuitak.org\/\",\"name\":\"Durango Jesuitak\",\"description\":\"\",\"publisher\":{\"@id\":\"https:\/\/www.durangojesuitak.org\/#organization\"},\"potentialAction\":[{\"@type\":\"SearchAction\",\"target\":{\"@type\":\"EntryPoint\",\"urlTemplate\":\"https:\/\/www.durangojesuitak.org\/?s={search_term_string}\"},\"query-input\":{\"@type\":\"PropertyValueSpecification\",\"valueRequired\":true,\"valueName\":\"search_term_string\"}}],\"inLanguage\":\"es\"},{\"@type\":\"Organization\",\"@id\":\"https:\/\/www.durangojesuitak.org\/#organization\",\"name\":\"Jesuitak Durango\",\"url\":\"https:\/\/www.durangojesuitak.org\/\",\"logo\":{\"@type\":\"ImageObject\",\"inLanguage\":\"es\",\"@id\":\"https:\/\/www.durangojesuitak.org\/#\/schema\/logo\/image\/\",\"url\":\"https:\/\/www.durangojesuitak.org\/wp-content\/uploads\/2022\/11\/cropped-Jesuitak-Durango-1.png\",\"contentUrl\":\"https:\/\/www.durangojesuitak.org\/wp-content\/uploads\/2022\/11\/cropped-Jesuitak-Durango-1.png\",\"width\":512,\"height\":512,\"caption\":\"Jesuitak Durango\"},\"image\":{\"@id\":\"https:\/\/www.durangojesuitak.org\/#\/schema\/logo\/image\/\"}},{\"@type\":\"Person\",\"@id\":\"https:\/\/www.durangojesuitak.org\/#\/schema\/person\/cea445c3bc724121c548ccc8a0c122fb\",\"name\":\"woko\",\"image\":{\"@type\":\"ImageObject\",\"inLanguage\":\"es\",\"@id\":\"https:\/\/www.durangojesuitak.org\/#\/schema\/person\/image\/\",\"url\":\"https:\/\/www.durangojesuitak.org\/wp-content\/uploads\/2021\/06\/avatar-150x150.jpg\",\"contentUrl\":\"https:\/\/www.durangojesuitak.org\/wp-content\/uploads\/2021\/06\/avatar-150x150.jpg\",\"caption\":\"woko\"},\"description\":\"Direcci\u00f3n general\",\"sameAs\":[\"https:\/\/wordpress.somoswoko.com\"]}]}<\/script>\n<!-- \/ Yoast SEO plugin. -->","yoast_head_json":{"title":"Despedida al alumnado de Bachillerato - Durango Jesuitak","robots":{"index":"index","follow":"follow","max-snippet":"max-snippet:-1","max-image-preview":"max-image-preview:large","max-video-preview":"max-video-preview:-1"},"canonical":"https:\/\/www.durangojesuitak.org\/blog\/batxilergoko-ikasleei-agurra\/","og_locale":"es_ES","og_type":"article","og_title":"Despedida al alumnado de Bachillerato - Durango Jesuitak","og_description":"El pasado 10 de junio gozamos de la oportunidad y el honor de despedir al alumnado que acaba de finalizar el bachillerato. Una nueva generaci\u00f3n de j\u00f3venes, que tras haber permanecido en el colegio durante los \u00faltimos 16, 17 a\u00f1os, salen dispuestos a enfrentarse a los retos que la vida les depare. Despues de cada [&hellip;]","og_url":"https:\/\/www.durangojesuitak.org\/blog\/batxilergoko-ikasleei-agurra\/","og_site_name":"Durango Jesuitak","article_published_time":"2021-06-14T02:27:00+00:00","article_modified_time":"2022-12-28T09:14:21+00:00","og_image":[{"width":886,"height":591,"url":"https:\/\/www.durangojesuitak.org\/wp-content\/uploads\/2022\/12\/4.png","type":"image\/png"}],"author":"woko","twitter_card":"summary_large_image","twitter_misc":{"Escrito por":"woko","Tiempo de lectura":"3 minutos"},"schema":{"@context":"https:\/\/schema.org","@graph":[{"@type":"Article","@id":"https:\/\/www.durangojesuitak.org\/blog\/batxilergoko-ikasleei-agurra\/#article","isPartOf":{"@id":"https:\/\/www.durangojesuitak.org\/blog\/batxilergoko-ikasleei-agurra\/"},"author":{"name":"woko","@id":"https:\/\/www.durangojesuitak.org\/#\/schema\/person\/cea445c3bc724121c548ccc8a0c122fb"},"headline":"Despedida al alumnado de Bachillerato","datePublished":"2021-06-14T02:27:00+00:00","dateModified":"2022-12-28T09:14:21+00:00","mainEntityOfPage":{"@id":"https:\/\/www.durangojesuitak.org\/blog\/batxilergoko-ikasleei-agurra\/"},"wordCount":440,"commentCount":0,"publisher":{"@id":"https:\/\/www.durangojesuitak.org\/#organization"},"image":{"@id":"https:\/\/www.durangojesuitak.org\/blog\/batxilergoko-ikasleei-agurra\/#primaryimage"},"thumbnailUrl":"https:\/\/www.durangojesuitak.org\/wp-content\/uploads\/2022\/12\/4.png","articleSection":["Ense\u00f1anza-aprendizaje"],"inLanguage":"es","potentialAction":[{"@type":"CommentAction","name":"Comment","target":["https:\/\/www.durangojesuitak.org\/blog\/batxilergoko-ikasleei-agurra\/#respond"]}]},{"@type":"WebPage","@id":"https:\/\/www.durangojesuitak.org\/blog\/batxilergoko-ikasleei-agurra\/","url":"https:\/\/www.durangojesuitak.org\/blog\/batxilergoko-ikasleei-agurra\/","name":"Despedida al alumnado de Bachillerato - Durango Jesuitak","isPartOf":{"@id":"https:\/\/www.durangojesuitak.org\/#website"},"primaryImageOfPage":{"@id":"https:\/\/www.durangojesuitak.org\/blog\/batxilergoko-ikasleei-agurra\/#primaryimage"},"image":{"@id":"https:\/\/www.durangojesuitak.org\/blog\/batxilergoko-ikasleei-agurra\/#primaryimage"},"thumbnailUrl":"https:\/\/www.durangojesuitak.org\/wp-content\/uploads\/2022\/12\/4.png","datePublished":"2021-06-14T02:27:00+00:00","dateModified":"2022-12-28T09:14:21+00:00","breadcrumb":{"@id":"https:\/\/www.durangojesuitak.org\/blog\/batxilergoko-ikasleei-agurra\/#breadcrumb"},"inLanguage":"es","potentialAction":[{"@type":"ReadAction","target":["https:\/\/www.durangojesuitak.org\/blog\/batxilergoko-ikasleei-agurra\/"]}]},{"@type":"ImageObject","inLanguage":"es","@id":"https:\/\/www.durangojesuitak.org\/blog\/batxilergoko-ikasleei-agurra\/#primaryimage","url":"https:\/\/www.durangojesuitak.org\/wp-content\/uploads\/2022\/12\/4.png","contentUrl":"https:\/\/www.durangojesuitak.org\/wp-content\/uploads\/2022\/12\/4.png","width":886,"height":591},{"@type":"BreadcrumbList","@id":"https:\/\/www.durangojesuitak.org\/blog\/batxilergoko-ikasleei-agurra\/#breadcrumb","itemListElement":[{"@type":"ListItem","position":1,"name":"Home","item":"https:\/\/www.durangojesuitak.org\/es\/"},{"@type":"ListItem","position":2,"name":"Despedida al alumnado de Bachillerato"}]},{"@type":"WebSite","@id":"https:\/\/www.durangojesuitak.org\/#website","url":"https:\/\/www.durangojesuitak.org\/","name":"Durango Jesuitak","description":"","publisher":{"@id":"https:\/\/www.durangojesuitak.org\/#organization"},"potentialAction":[{"@type":"SearchAction","target":{"@type":"EntryPoint","urlTemplate":"https:\/\/www.durangojesuitak.org\/?s={search_term_string}"},"query-input":{"@type":"PropertyValueSpecification","valueRequired":true,"valueName":"search_term_string"}}],"inLanguage":"es"},{"@type":"Organization","@id":"https:\/\/www.durangojesuitak.org\/#organization","name":"Jesuitak Durango","url":"https:\/\/www.durangojesuitak.org\/","logo":{"@type":"ImageObject","inLanguage":"es","@id":"https:\/\/www.durangojesuitak.org\/#\/schema\/logo\/image\/","url":"https:\/\/www.durangojesuitak.org\/wp-content\/uploads\/2022\/11\/cropped-Jesuitak-Durango-1.png","contentUrl":"https:\/\/www.durangojesuitak.org\/wp-content\/uploads\/2022\/11\/cropped-Jesuitak-Durango-1.png","width":512,"height":512,"caption":"Jesuitak Durango"},"image":{"@id":"https:\/\/www.durangojesuitak.org\/#\/schema\/logo\/image\/"}},{"@type":"Person","@id":"https:\/\/www.durangojesuitak.org\/#\/schema\/person\/cea445c3bc724121c548ccc8a0c122fb","name":"woko","image":{"@type":"ImageObject","inLanguage":"es","@id":"https:\/\/www.durangojesuitak.org\/#\/schema\/person\/image\/","url":"https:\/\/www.durangojesuitak.org\/wp-content\/uploads\/2021\/06\/avatar-150x150.jpg","contentUrl":"https:\/\/www.durangojesuitak.org\/wp-content\/uploads\/2021\/06\/avatar-150x150.jpg","caption":"woko"},"description":"Direcci\u00f3n general","sameAs":["https:\/\/wordpress.somoswoko.com"]}]}},"_links":{"self":[{"href":"https:\/\/www.durangojesuitak.org\/es\/wp-json\/wp\/v2\/posts\/6325","targetHints":{"allow":["GET"]}}],"collection":[{"href":"https:\/\/www.durangojesuitak.org\/es\/wp-json\/wp\/v2\/posts"}],"about":[{"href":"https:\/\/www.durangojesuitak.org\/es\/wp-json\/wp\/v2\/types\/post"}],"author":[{"embeddable":true,"href":"https:\/\/www.durangojesuitak.org\/es\/wp-json\/wp\/v2\/users\/1"}],"replies":[{"embeddable":true,"href":"https:\/\/www.durangojesuitak.org\/es\/wp-json\/wp\/v2\/comments?post=6325"}],"version-history":[{"count":0,"href":"https:\/\/www.durangojesuitak.org\/es\/wp-json\/wp\/v2\/posts\/6325\/revisions"}],"wp:featuredmedia":[{"embeddable":true,"href":"https:\/\/www.durangojesuitak.org\/es\/wp-json\/wp\/v2\/media\/6320"}],"wp:attachment":[{"href":"https:\/\/www.durangojesuitak.org\/es\/wp-json\/wp\/v2\/media?parent=6325"}],"wp:term":[{"taxonomy":"category","embeddable":true,"href":"https:\/\/www.durangojesuitak.org\/es\/wp-json\/wp\/v2\/categories?post=6325"},{"taxonomy":"post_tag","embeddable":true,"href":"https:\/\/www.durangojesuitak.org\/es\/wp-json\/wp\/v2\/tags?post=6325"}],"curies":[{"name":"wp","href":"https:\/\/api.w.org\/{rel}","templated":true}]}}