{"id":6503,"date":"2022-01-31T09:54:00","date_gmt":"2022-01-31T08:54:00","guid":{"rendered":"https:\/\/durangojesuitak.somoswoko.com\/blog\/aniztasuna-haur-hezkuntzako-2-zikloko-ekintzetan\/"},"modified":"2022-12-20T12:47:29","modified_gmt":"2022-12-20T11:47:29","slug":"diversidad-en-las-actividades-del-segundo-ciclo-de-primaria","status":"publish","type":"post","link":"https:\/\/www.durangojesuitak.org\/es\/blog\/diversidad-en-las-actividades-del-segundo-ciclo-de-primaria\/","title":{"rendered":"Diversidad en las actividades del segundo ciclo de Primaria"},"content":{"rendered":"    <p class=\"entradilla\"><\/p><p>En el colegio la diversidad juega un papel fundamental y tratamos de incorporarla en todos los \u00e1mbitos.<\/p>\n\n\n\n\n<p>En este sentido, la diversidad de actividades ayuda a que cada ni\u00f1o y ni\u00f1a conozca las diferentes disciplinas e identifique tanto las m\u00e1s c\u00f3modas para \u00e9l como las que suponen un reto.<\/p>\n\n\n\n<p>En los siguientes v\u00eddeos se pueden ver numerosas actividades realizadas en las aulas de 3, 4 y 5 a\u00f1os de Educaci\u00f3n Infantil.<\/p>\n\n\n\n<figure class=\"wp-block-embed is-type-video is-provider-youtube wp-block-embed-youtube wp-embed-aspect-16-9 wp-has-aspect-ratio\"><div class=\"wp-block-embed__wrapper\">\n<iframe loading=\"lazy\" title=\"4 eta 5 urtekoak gelan\" width=\"500\" height=\"281\" src=\"https:\/\/www.youtube.com\/embed\/l3Le-OgbbW0?feature=oembed\" frameborder=\"0\" allow=\"accelerometer; autoplay; clipboard-write; encrypted-media; gyroscope; picture-in-picture; web-share\" referrerpolicy=\"strict-origin-when-cross-origin\" allowfullscreen><\/iframe>\n<\/div><\/figure>\n\n\n\n<figure class=\"wp-block-embed is-type-video is-provider-youtube wp-block-embed-youtube wp-embed-aspect-4-3 wp-has-aspect-ratio\"><div class=\"wp-block-embed__wrapper\">\n<iframe loading=\"lazy\" title=\"Autonomia 4 urtekoen gelan\" width=\"500\" height=\"375\" src=\"https:\/\/www.youtube.com\/embed\/fM9Q0eXlWbo?feature=oembed\" frameborder=\"0\" allow=\"accelerometer; autoplay; clipboard-write; encrypted-media; gyroscope; picture-in-picture; web-share\" referrerpolicy=\"strict-origin-when-cross-origin\" allowfullscreen><\/iframe>\n<\/div><\/figure>\n\n\n\n<figure class=\"wp-block-embed is-type-video is-provider-youtube wp-block-embed-youtube wp-embed-aspect-16-9 wp-has-aspect-ratio\"><div class=\"wp-block-embed__wrapper\">\n<iframe loading=\"lazy\" title=\"Jauzgailuarekin 5 urtekoen gelan\" width=\"500\" height=\"281\" src=\"https:\/\/www.youtube.com\/embed\/OMsZ0CJZ-qk?feature=oembed\" frameborder=\"0\" allow=\"accelerometer; autoplay; clipboard-write; encrypted-media; gyroscope; picture-in-picture; web-share\" referrerpolicy=\"strict-origin-when-cross-origin\" allowfullscreen><\/iframe>\n<\/div><\/figure>\n\n\n\n<figure class=\"wp-block-embed is-type-video is-provider-youtube wp-block-embed-youtube wp-embed-aspect-4-3 wp-has-aspect-ratio\"><div class=\"wp-block-embed__wrapper\">\n<iframe loading=\"lazy\" title=\"Bota dezagun dorrea elkarrekin!\" width=\"500\" height=\"375\" src=\"https:\/\/www.youtube.com\/embed\/DulJrG9cZBo?feature=oembed\" frameborder=\"0\" allow=\"accelerometer; autoplay; clipboard-write; encrypted-media; gyroscope; picture-in-picture; web-share\" referrerpolicy=\"strict-origin-when-cross-origin\" allowfullscreen><\/iframe>\n<\/div><\/figure>\n\n\n\n<figure class=\"wp-block-embed is-type-video is-provider-youtube wp-block-embed-youtube wp-embed-aspect-16-9 wp-has-aspect-ratio\"><div class=\"wp-block-embed__wrapper\">\n<iframe loading=\"lazy\" title=\"Tenperarekin margotzen, 4 urtekoen gelan\" width=\"500\" height=\"281\" src=\"https:\/\/www.youtube.com\/embed\/NLuogb2LWcM?feature=oembed\" frameborder=\"0\" allow=\"accelerometer; autoplay; clipboard-write; encrypted-media; gyroscope; picture-in-picture; web-share\" referrerpolicy=\"strict-origin-when-cross-origin\" allowfullscreen><\/iframe>\n<\/div><\/figure>\n\n\n\n<figure class=\"wp-block-embed is-type-video is-provider-youtube wp-block-embed-youtube wp-embed-aspect-4-3 wp-has-aspect-ratio\"><div class=\"wp-block-embed__wrapper\">\n<iframe loading=\"lazy\" title=\"Psikomotrizitatea 5 urtekoen gelan\" width=\"500\" height=\"375\" src=\"https:\/\/www.youtube.com\/embed\/kwnmo4DyHnw?feature=oembed\" frameborder=\"0\" allow=\"accelerometer; autoplay; clipboard-write; encrypted-media; gyroscope; picture-in-picture; web-share\" referrerpolicy=\"strict-origin-when-cross-origin\" allowfullscreen><\/iframe>\n<\/div><\/figure>\n\n\n\n<figure class=\"wp-block-embed is-type-video is-provider-youtube wp-block-embed-youtube wp-embed-aspect-16-9 wp-has-aspect-ratio\"><div class=\"wp-block-embed__wrapper\">\n<iframe loading=\"lazy\" title=\"Taichi 5 urtekoen gelan\" width=\"500\" height=\"281\" src=\"https:\/\/www.youtube.com\/embed\/x8aHTvENpFg?feature=oembed\" frameborder=\"0\" allow=\"accelerometer; autoplay; clipboard-write; encrypted-media; gyroscope; picture-in-picture; web-share\" referrerpolicy=\"strict-origin-when-cross-origin\" allowfullscreen><\/iframe>\n<\/div><\/figure>\n\n\n\n<figure class=\"wp-block-embed is-type-video is-provider-youtube wp-block-embed-youtube wp-embed-aspect-16-9 wp-has-aspect-ratio\"><div class=\"wp-block-embed__wrapper\">\n<iframe loading=\"lazy\" title=\"Elkar zaindu, elkar maitatu. Masajea 4 urtekoen gelan\" width=\"500\" height=\"281\" src=\"https:\/\/www.youtube.com\/embed\/J1PC7hD6h_E?feature=oembed\" frameborder=\"0\" allow=\"accelerometer; autoplay; clipboard-write; encrypted-media; gyroscope; picture-in-picture; web-share\" referrerpolicy=\"strict-origin-when-cross-origin\" allowfullscreen><\/iframe>\n<\/div><\/figure>\n\n\n\n<figure class=\"wp-block-embed is-type-video is-provider-youtube wp-block-embed-youtube wp-embed-aspect-16-9 wp-has-aspect-ratio\"><div class=\"wp-block-embed__wrapper\">\n<iframe loading=\"lazy\" title=\"Loaldia 3 urtekoen gelan\" width=\"500\" height=\"281\" src=\"https:\/\/www.youtube.com\/embed\/bYLdQ9V5oJo?feature=oembed\" frameborder=\"0\" allow=\"accelerometer; autoplay; clipboard-write; encrypted-media; gyroscope; picture-in-picture; web-share\" referrerpolicy=\"strict-origin-when-cross-origin\" allowfullscreen><\/iframe>\n<\/div><\/figure>\n","protected":false},"excerpt":{"rendered":"<p>En este sentido, la diversidad de actividades ayuda a que cada ni\u00f1o y ni\u00f1a conozca las diferentes disciplinas e identifique tanto las m\u00e1s c\u00f3modas para \u00e9l como las que suponen un reto. En los siguientes v\u00eddeos se pueden ver numerosas actividades realizadas en las aulas de 3, 4 y 5 a\u00f1os de Educaci\u00f3n Infantil.<\/p>\n","protected":false},"author":1,"featured_media":6490,"comment_status":"open","ping_status":"open","sticky":false,"template":"","format":"standard","meta":{"_acf_changed":false,"inline_featured_image":false,"footnotes":""},"categories":[61,67],"tags":[184,185,57,179,186,187,188],"class_list":["post-6503","post","type-post","status-publish","format-standard","has-post-thumbnail","hentry","category-ensenanza-aprendizaje","category-noticias","tag-3-urte-es","tag-4-urte-es","tag-durango-es","tag-haur-hezkuntza-es","tag-jesuitak-es","tag-primaria-es","tag-taichi-es"],"acf":[],"yoast_head":"<!-- This site is optimized with the Yoast SEO plugin v26.9 - https:\/\/yoast.com\/product\/yoast-seo-wordpress\/ -->\n<title>Diversidad en las actividades del segundo ciclo de Primaria - Durango Jesuitak<\/title>\n<meta name=\"robots\" content=\"index, follow, max-snippet:-1, max-image-preview:large, max-video-preview:-1\" \/>\n<link rel=\"canonical\" href=\"https:\/\/www.durangojesuitak.org\/blog\/aniztasuna-haur-hezkuntzako-2-zikloko-ekintzetan\/\" \/>\n<meta property=\"og:locale\" content=\"es_ES\" \/>\n<meta property=\"og:type\" content=\"article\" \/>\n<meta property=\"og:title\" content=\"Diversidad en las actividades del segundo ciclo de Primaria - Durango Jesuitak\" \/>\n<meta property=\"og:description\" content=\"En este sentido, la diversidad de actividades ayuda a que cada ni\u00f1o y ni\u00f1a conozca las diferentes disciplinas e identifique tanto las m\u00e1s c\u00f3modas para \u00e9l como las que suponen un reto. En los siguientes v\u00eddeos se pueden ver numerosas actividades realizadas en las aulas de 3, 4 y 5 a\u00f1os de Educaci\u00f3n Infantil.\" \/>\n<meta property=\"og:url\" content=\"https:\/\/www.durangojesuitak.org\/blog\/aniztasuna-haur-hezkuntzako-2-zikloko-ekintzetan\/\" \/>\n<meta property=\"og:site_name\" content=\"Durango Jesuitak\" \/>\n<meta property=\"article:published_time\" content=\"2022-01-31T08:54:00+00:00\" \/>\n<meta property=\"article:modified_time\" content=\"2022-12-20T11:47:29+00:00\" \/>\n<meta property=\"og:image\" content=\"https:\/\/www.durangojesuitak.org\/wp-content\/uploads\/2022\/12\/Taichi-768x376-1.jpg\" \/>\n\t<meta property=\"og:image:width\" content=\"768\" \/>\n\t<meta property=\"og:image:height\" content=\"376\" \/>\n\t<meta property=\"og:image:type\" content=\"image\/jpeg\" \/>\n<meta name=\"author\" content=\"woko\" \/>\n<meta name=\"twitter:card\" content=\"summary_large_image\" \/>\n<meta name=\"twitter:label1\" content=\"Escrito por\" \/>\n\t<meta name=\"twitter:data1\" content=\"woko\" \/>\n\t<meta name=\"twitter:label2\" content=\"Tiempo de lectura\" \/>\n\t<meta name=\"twitter:data2\" content=\"1 minuto\" \/>\n<script type=\"application\/ld+json\" class=\"yoast-schema-graph\">{\"@context\":\"https:\/\/schema.org\",\"@graph\":[{\"@type\":\"Article\",\"@id\":\"https:\/\/www.durangojesuitak.org\/blog\/aniztasuna-haur-hezkuntzako-2-zikloko-ekintzetan\/#article\",\"isPartOf\":{\"@id\":\"https:\/\/www.durangojesuitak.org\/blog\/aniztasuna-haur-hezkuntzako-2-zikloko-ekintzetan\/\"},\"author\":{\"name\":\"woko\",\"@id\":\"https:\/\/www.durangojesuitak.org\/#\/schema\/person\/cea445c3bc724121c548ccc8a0c122fb\"},\"headline\":\"Diversidad en las actividades del segundo ciclo de Primaria\",\"datePublished\":\"2022-01-31T08:54:00+00:00\",\"dateModified\":\"2022-12-20T11:47:29+00:00\",\"mainEntityOfPage\":{\"@id\":\"https:\/\/www.durangojesuitak.org\/blog\/aniztasuna-haur-hezkuntzako-2-zikloko-ekintzetan\/\"},\"wordCount\":144,\"commentCount\":0,\"publisher\":{\"@id\":\"https:\/\/www.durangojesuitak.org\/#organization\"},\"image\":{\"@id\":\"https:\/\/www.durangojesuitak.org\/blog\/aniztasuna-haur-hezkuntzako-2-zikloko-ekintzetan\/#primaryimage\"},\"thumbnailUrl\":\"https:\/\/www.durangojesuitak.org\/wp-content\/uploads\/2022\/12\/Taichi-768x376-1.jpg\",\"keywords\":[\"3 urte\",\"4 urte\",\"Durango\",\"Haur Hezkuntza\",\"jesuitak\",\"Primaria\",\"Taichi\"],\"articleSection\":[\"Ense\u00f1anza-aprendizaje\",\"Noticias\"],\"inLanguage\":\"es\",\"potentialAction\":[{\"@type\":\"CommentAction\",\"name\":\"Comment\",\"target\":[\"https:\/\/www.durangojesuitak.org\/blog\/aniztasuna-haur-hezkuntzako-2-zikloko-ekintzetan\/#respond\"]}]},{\"@type\":\"WebPage\",\"@id\":\"https:\/\/www.durangojesuitak.org\/blog\/aniztasuna-haur-hezkuntzako-2-zikloko-ekintzetan\/\",\"url\":\"https:\/\/www.durangojesuitak.org\/blog\/aniztasuna-haur-hezkuntzako-2-zikloko-ekintzetan\/\",\"name\":\"Diversidad en las actividades del segundo ciclo de Primaria - Durango Jesuitak\",\"isPartOf\":{\"@id\":\"https:\/\/www.durangojesuitak.org\/#website\"},\"primaryImageOfPage\":{\"@id\":\"https:\/\/www.durangojesuitak.org\/blog\/aniztasuna-haur-hezkuntzako-2-zikloko-ekintzetan\/#primaryimage\"},\"image\":{\"@id\":\"https:\/\/www.durangojesuitak.org\/blog\/aniztasuna-haur-hezkuntzako-2-zikloko-ekintzetan\/#primaryimage\"},\"thumbnailUrl\":\"https:\/\/www.durangojesuitak.org\/wp-content\/uploads\/2022\/12\/Taichi-768x376-1.jpg\",\"datePublished\":\"2022-01-31T08:54:00+00:00\",\"dateModified\":\"2022-12-20T11:47:29+00:00\",\"breadcrumb\":{\"@id\":\"https:\/\/www.durangojesuitak.org\/blog\/aniztasuna-haur-hezkuntzako-2-zikloko-ekintzetan\/#breadcrumb\"},\"inLanguage\":\"es\",\"potentialAction\":[{\"@type\":\"ReadAction\",\"target\":[\"https:\/\/www.durangojesuitak.org\/blog\/aniztasuna-haur-hezkuntzako-2-zikloko-ekintzetan\/\"]}]},{\"@type\":\"ImageObject\",\"inLanguage\":\"es\",\"@id\":\"https:\/\/www.durangojesuitak.org\/blog\/aniztasuna-haur-hezkuntzako-2-zikloko-ekintzetan\/#primaryimage\",\"url\":\"https:\/\/www.durangojesuitak.org\/wp-content\/uploads\/2022\/12\/Taichi-768x376-1.jpg\",\"contentUrl\":\"https:\/\/www.durangojesuitak.org\/wp-content\/uploads\/2022\/12\/Taichi-768x376-1.jpg\",\"width\":768,\"height\":376},{\"@type\":\"BreadcrumbList\",\"@id\":\"https:\/\/www.durangojesuitak.org\/blog\/aniztasuna-haur-hezkuntzako-2-zikloko-ekintzetan\/#breadcrumb\",\"itemListElement\":[{\"@type\":\"ListItem\",\"position\":1,\"name\":\"Home\",\"item\":\"https:\/\/www.durangojesuitak.org\/es\/\"},{\"@type\":\"ListItem\",\"position\":2,\"name\":\"Diversidad en las actividades del segundo ciclo de Primaria\"}]},{\"@type\":\"WebSite\",\"@id\":\"https:\/\/www.durangojesuitak.org\/#website\",\"url\":\"https:\/\/www.durangojesuitak.org\/\",\"name\":\"Durango Jesuitak\",\"description\":\"\",\"publisher\":{\"@id\":\"https:\/\/www.durangojesuitak.org\/#organization\"},\"potentialAction\":[{\"@type\":\"SearchAction\",\"target\":{\"@type\":\"EntryPoint\",\"urlTemplate\":\"https:\/\/www.durangojesuitak.org\/?s={search_term_string}\"},\"query-input\":{\"@type\":\"PropertyValueSpecification\",\"valueRequired\":true,\"valueName\":\"search_term_string\"}}],\"inLanguage\":\"es\"},{\"@type\":\"Organization\",\"@id\":\"https:\/\/www.durangojesuitak.org\/#organization\",\"name\":\"Jesuitak Durango\",\"url\":\"https:\/\/www.durangojesuitak.org\/\",\"logo\":{\"@type\":\"ImageObject\",\"inLanguage\":\"es\",\"@id\":\"https:\/\/www.durangojesuitak.org\/#\/schema\/logo\/image\/\",\"url\":\"https:\/\/www.durangojesuitak.org\/wp-content\/uploads\/2022\/11\/cropped-Jesuitak-Durango-1.png\",\"contentUrl\":\"https:\/\/www.durangojesuitak.org\/wp-content\/uploads\/2022\/11\/cropped-Jesuitak-Durango-1.png\",\"width\":512,\"height\":512,\"caption\":\"Jesuitak Durango\"},\"image\":{\"@id\":\"https:\/\/www.durangojesuitak.org\/#\/schema\/logo\/image\/\"}},{\"@type\":\"Person\",\"@id\":\"https:\/\/www.durangojesuitak.org\/#\/schema\/person\/cea445c3bc724121c548ccc8a0c122fb\",\"name\":\"woko\",\"image\":{\"@type\":\"ImageObject\",\"inLanguage\":\"es\",\"@id\":\"https:\/\/www.durangojesuitak.org\/#\/schema\/person\/image\/\",\"url\":\"https:\/\/www.durangojesuitak.org\/wp-content\/uploads\/2021\/06\/avatar-150x150.jpg\",\"contentUrl\":\"https:\/\/www.durangojesuitak.org\/wp-content\/uploads\/2021\/06\/avatar-150x150.jpg\",\"caption\":\"woko\"},\"description\":\"Direcci\u00f3n general\",\"sameAs\":[\"https:\/\/wordpress.somoswoko.com\"]}]}<\/script>\n<!-- \/ Yoast SEO plugin. -->","yoast_head_json":{"title":"Diversidad en las actividades del segundo ciclo de Primaria - Durango Jesuitak","robots":{"index":"index","follow":"follow","max-snippet":"max-snippet:-1","max-image-preview":"max-image-preview:large","max-video-preview":"max-video-preview:-1"},"canonical":"https:\/\/www.durangojesuitak.org\/blog\/aniztasuna-haur-hezkuntzako-2-zikloko-ekintzetan\/","og_locale":"es_ES","og_type":"article","og_title":"Diversidad en las actividades del segundo ciclo de Primaria - Durango Jesuitak","og_description":"En este sentido, la diversidad de actividades ayuda a que cada ni\u00f1o y ni\u00f1a conozca las diferentes disciplinas e identifique tanto las m\u00e1s c\u00f3modas para \u00e9l como las que suponen un reto. En los siguientes v\u00eddeos se pueden ver numerosas actividades realizadas en las aulas de 3, 4 y 5 a\u00f1os de Educaci\u00f3n Infantil.","og_url":"https:\/\/www.durangojesuitak.org\/blog\/aniztasuna-haur-hezkuntzako-2-zikloko-ekintzetan\/","og_site_name":"Durango Jesuitak","article_published_time":"2022-01-31T08:54:00+00:00","article_modified_time":"2022-12-20T11:47:29+00:00","og_image":[{"width":768,"height":376,"url":"https:\/\/www.durangojesuitak.org\/wp-content\/uploads\/2022\/12\/Taichi-768x376-1.jpg","type":"image\/jpeg"}],"author":"woko","twitter_card":"summary_large_image","twitter_misc":{"Escrito por":"woko","Tiempo de lectura":"1 minuto"},"schema":{"@context":"https:\/\/schema.org","@graph":[{"@type":"Article","@id":"https:\/\/www.durangojesuitak.org\/blog\/aniztasuna-haur-hezkuntzako-2-zikloko-ekintzetan\/#article","isPartOf":{"@id":"https:\/\/www.durangojesuitak.org\/blog\/aniztasuna-haur-hezkuntzako-2-zikloko-ekintzetan\/"},"author":{"name":"woko","@id":"https:\/\/www.durangojesuitak.org\/#\/schema\/person\/cea445c3bc724121c548ccc8a0c122fb"},"headline":"Diversidad en las actividades del segundo ciclo de Primaria","datePublished":"2022-01-31T08:54:00+00:00","dateModified":"2022-12-20T11:47:29+00:00","mainEntityOfPage":{"@id":"https:\/\/www.durangojesuitak.org\/blog\/aniztasuna-haur-hezkuntzako-2-zikloko-ekintzetan\/"},"wordCount":144,"commentCount":0,"publisher":{"@id":"https:\/\/www.durangojesuitak.org\/#organization"},"image":{"@id":"https:\/\/www.durangojesuitak.org\/blog\/aniztasuna-haur-hezkuntzako-2-zikloko-ekintzetan\/#primaryimage"},"thumbnailUrl":"https:\/\/www.durangojesuitak.org\/wp-content\/uploads\/2022\/12\/Taichi-768x376-1.jpg","keywords":["3 urte","4 urte","Durango","Haur Hezkuntza","jesuitak","Primaria","Taichi"],"articleSection":["Ense\u00f1anza-aprendizaje","Noticias"],"inLanguage":"es","potentialAction":[{"@type":"CommentAction","name":"Comment","target":["https:\/\/www.durangojesuitak.org\/blog\/aniztasuna-haur-hezkuntzako-2-zikloko-ekintzetan\/#respond"]}]},{"@type":"WebPage","@id":"https:\/\/www.durangojesuitak.org\/blog\/aniztasuna-haur-hezkuntzako-2-zikloko-ekintzetan\/","url":"https:\/\/www.durangojesuitak.org\/blog\/aniztasuna-haur-hezkuntzako-2-zikloko-ekintzetan\/","name":"Diversidad en las actividades del segundo ciclo de Primaria - Durango Jesuitak","isPartOf":{"@id":"https:\/\/www.durangojesuitak.org\/#website"},"primaryImageOfPage":{"@id":"https:\/\/www.durangojesuitak.org\/blog\/aniztasuna-haur-hezkuntzako-2-zikloko-ekintzetan\/#primaryimage"},"image":{"@id":"https:\/\/www.durangojesuitak.org\/blog\/aniztasuna-haur-hezkuntzako-2-zikloko-ekintzetan\/#primaryimage"},"thumbnailUrl":"https:\/\/www.durangojesuitak.org\/wp-content\/uploads\/2022\/12\/Taichi-768x376-1.jpg","datePublished":"2022-01-31T08:54:00+00:00","dateModified":"2022-12-20T11:47:29+00:00","breadcrumb":{"@id":"https:\/\/www.durangojesuitak.org\/blog\/aniztasuna-haur-hezkuntzako-2-zikloko-ekintzetan\/#breadcrumb"},"inLanguage":"es","potentialAction":[{"@type":"ReadAction","target":["https:\/\/www.durangojesuitak.org\/blog\/aniztasuna-haur-hezkuntzako-2-zikloko-ekintzetan\/"]}]},{"@type":"ImageObject","inLanguage":"es","@id":"https:\/\/www.durangojesuitak.org\/blog\/aniztasuna-haur-hezkuntzako-2-zikloko-ekintzetan\/#primaryimage","url":"https:\/\/www.durangojesuitak.org\/wp-content\/uploads\/2022\/12\/Taichi-768x376-1.jpg","contentUrl":"https:\/\/www.durangojesuitak.org\/wp-content\/uploads\/2022\/12\/Taichi-768x376-1.jpg","width":768,"height":376},{"@type":"BreadcrumbList","@id":"https:\/\/www.durangojesuitak.org\/blog\/aniztasuna-haur-hezkuntzako-2-zikloko-ekintzetan\/#breadcrumb","itemListElement":[{"@type":"ListItem","position":1,"name":"Home","item":"https:\/\/www.durangojesuitak.org\/es\/"},{"@type":"ListItem","position":2,"name":"Diversidad en las actividades del segundo ciclo de Primaria"}]},{"@type":"WebSite","@id":"https:\/\/www.durangojesuitak.org\/#website","url":"https:\/\/www.durangojesuitak.org\/","name":"Durango Jesuitak","description":"","publisher":{"@id":"https:\/\/www.durangojesuitak.org\/#organization"},"potentialAction":[{"@type":"SearchAction","target":{"@type":"EntryPoint","urlTemplate":"https:\/\/www.durangojesuitak.org\/?s={search_term_string}"},"query-input":{"@type":"PropertyValueSpecification","valueRequired":true,"valueName":"search_term_string"}}],"inLanguage":"es"},{"@type":"Organization","@id":"https:\/\/www.durangojesuitak.org\/#organization","name":"Jesuitak Durango","url":"https:\/\/www.durangojesuitak.org\/","logo":{"@type":"ImageObject","inLanguage":"es","@id":"https:\/\/www.durangojesuitak.org\/#\/schema\/logo\/image\/","url":"https:\/\/www.durangojesuitak.org\/wp-content\/uploads\/2022\/11\/cropped-Jesuitak-Durango-1.png","contentUrl":"https:\/\/www.durangojesuitak.org\/wp-content\/uploads\/2022\/11\/cropped-Jesuitak-Durango-1.png","width":512,"height":512,"caption":"Jesuitak Durango"},"image":{"@id":"https:\/\/www.durangojesuitak.org\/#\/schema\/logo\/image\/"}},{"@type":"Person","@id":"https:\/\/www.durangojesuitak.org\/#\/schema\/person\/cea445c3bc724121c548ccc8a0c122fb","name":"woko","image":{"@type":"ImageObject","inLanguage":"es","@id":"https:\/\/www.durangojesuitak.org\/#\/schema\/person\/image\/","url":"https:\/\/www.durangojesuitak.org\/wp-content\/uploads\/2021\/06\/avatar-150x150.jpg","contentUrl":"https:\/\/www.durangojesuitak.org\/wp-content\/uploads\/2021\/06\/avatar-150x150.jpg","caption":"woko"},"description":"Direcci\u00f3n general","sameAs":["https:\/\/wordpress.somoswoko.com"]}]}},"_links":{"self":[{"href":"https:\/\/www.durangojesuitak.org\/es\/wp-json\/wp\/v2\/posts\/6503","targetHints":{"allow":["GET"]}}],"collection":[{"href":"https:\/\/www.durangojesuitak.org\/es\/wp-json\/wp\/v2\/posts"}],"about":[{"href":"https:\/\/www.durangojesuitak.org\/es\/wp-json\/wp\/v2\/types\/post"}],"author":[{"embeddable":true,"href":"https:\/\/www.durangojesuitak.org\/es\/wp-json\/wp\/v2\/users\/1"}],"replies":[{"embeddable":true,"href":"https:\/\/www.durangojesuitak.org\/es\/wp-json\/wp\/v2\/comments?post=6503"}],"version-history":[{"count":0,"href":"https:\/\/www.durangojesuitak.org\/es\/wp-json\/wp\/v2\/posts\/6503\/revisions"}],"wp:featuredmedia":[{"embeddable":true,"href":"https:\/\/www.durangojesuitak.org\/es\/wp-json\/wp\/v2\/media\/6490"}],"wp:attachment":[{"href":"https:\/\/www.durangojesuitak.org\/es\/wp-json\/wp\/v2\/media?parent=6503"}],"wp:term":[{"taxonomy":"category","embeddable":true,"href":"https:\/\/www.durangojesuitak.org\/es\/wp-json\/wp\/v2\/categories?post=6503"},{"taxonomy":"post_tag","embeddable":true,"href":"https:\/\/www.durangojesuitak.org\/es\/wp-json\/wp\/v2\/tags?post=6503"}],"curies":[{"name":"wp","href":"https:\/\/api.w.org\/{rel}","templated":true}]}}