{"id":8848,"date":"2023-03-01T09:21:39","date_gmt":"2023-03-01T08:21:39","guid":{"rendered":"https:\/\/www.durangojesuitak.org\/?p=8848"},"modified":"2023-03-01T09:22:42","modified_gmt":"2023-03-01T08:22:42","slug":"1-de-marzo-dia-del-buen-trato-y-el-cuidado","status":"publish","type":"post","link":"https:\/\/www.durangojesuitak.org\/es\/blog\/1-de-marzo-dia-del-buen-trato-y-el-cuidado\/","title":{"rendered":"1 de marzo: D\u00eda del Buen Trato y El Cuidado"},"content":{"rendered":"\n<p class=\"has-medium-font-size\"><strong>\u201c\u00bfDe qu\u00e9 va esto?: Esto va de cuidarnos unos a otros\u201d<\/strong><\/p>\n\n\n\n<p>Hoy queremos celebrar en nuestra obra el D\u00eda del Buen Trato y el Cuidado.<br \/><\/p>\n\n\n\n<p>Y, \u00bfesto\u2026 de qu\u00e9 va?<br \/><\/p>\n\n\n\n<p>El 1 de marzo es un d\u00eda para recordarnos que en cualquier circunstancia debemos tratarnos bien entre todos. Porque eso nos hace bien a cada uno de nosotros, a los cercanos, y a todo el mundo mundial. En la familia, en la escuela, en el trabajo, en la Iglesia, en la universidad, en los centros sociales y deportivos, en el ocio\u2026 \u00a1en cualquier circunstancia! A todos nos gusta que nos traten bien y nos cuiden cuando lo necesitamos \u00bfverdad?<br \/><\/p>\n\n\n\n<p>\u00bfQu\u00e9 es el Buen Trato? Ac\u00e9rcate al otro con respeto, y piensa \u00bfqu\u00e9 le pasa? \u00bfqu\u00e9 siente? para comprenderle y aceptarle, aunque sea diferente a ti. \u00bfC\u00f3mo me gustar\u00eda a m\u00ed que me trataran? El Buen Trato no quiere ser una obligaci\u00f3n, sino algo que nace de dentro, como cuando nace una nueva criatura y tendemos a protegerla\u2026 nos nace de dentro.<br \/><\/p>\n\n\n\n<p>Para tratarnos bien, lo primer\u00edsimo que tenemos que hacer es cuidarnos y eso se aprende desde ni\u00f1os. Por eso, nuestro lema de este primer 1 de marzo es: <strong>\u00abCuidarME, CuidarTE, CuidarNOS\u00bb<\/strong>. Todos tenemos el poder de cuidar y proteger al otro, sobre todo al que m\u00e1s lo necesita.<br \/><\/p>\n\n\n\n<p><strong>CUIDAR-ME<\/strong> es cuidar de m\u00ed mismo: \u00bfqu\u00e9 necesito yo para estar bien? \u00bfqu\u00e9 necesita mi cuerpo? \u00bfc\u00f3mo respondo a estas necesidades? Si yo estoy bien podr\u00e9 cuidar a los que quiero y a los que me rodean cada d\u00eda. Antes de cuidar a otros, hay que cuidarse a uno mismo. \u201cAma al pr\u00f3jimo <strong>como a t\u00ed mismo<\/strong>\u201d.<\/p>\n\n\n\n<figure class=\"wp-block-image size-large\"><img loading=\"lazy\" decoding=\"async\" width=\"1024\" height=\"1024\" src=\"https:\/\/www.durangojesuitak.org\/wp-content\/uploads\/2023\/03\/NI-1-1024x1024.jpg\" alt=\"\" class=\"wp-image-8849\" srcset=\"https:\/\/www.durangojesuitak.org\/wp-content\/uploads\/2023\/03\/NI-1-1024x1024.jpg 1024w, https:\/\/www.durangojesuitak.org\/wp-content\/uploads\/2023\/03\/NI-1-300x300.jpg 300w, https:\/\/www.durangojesuitak.org\/wp-content\/uploads\/2023\/03\/NI-1-150x150.jpg 150w, https:\/\/www.durangojesuitak.org\/wp-content\/uploads\/2023\/03\/NI-1-768x768.jpg 768w, https:\/\/www.durangojesuitak.org\/wp-content\/uploads\/2023\/03\/NI-1.jpg 1080w\" sizes=\"auto, (max-width: 1024px) 100vw, 1024px\" \/><\/figure>\n\n\n\n<p><strong>CUIDAR-TE<\/strong> es cuidar de otra persona. F\u00edjate en qu\u00e9 necesita y procura ayudarle y, por supuesto, no le hagas da\u00f1o. As\u00ed nos vamos a llevar bien y seremos m\u00e1s felices.<br \/><\/p>\n\n\n\n<figure class=\"wp-block-image size-full\"><img loading=\"lazy\" decoding=\"async\" width=\"940\" height=\"788\" src=\"https:\/\/www.durangojesuitak.org\/wp-content\/uploads\/2023\/03\/Zu-1.jpg\" alt=\"\" class=\"wp-image-8841\" srcset=\"https:\/\/www.durangojesuitak.org\/wp-content\/uploads\/2023\/03\/Zu-1.jpg 940w, https:\/\/www.durangojesuitak.org\/wp-content\/uploads\/2023\/03\/Zu-1-300x251.jpg 300w, https:\/\/www.durangojesuitak.org\/wp-content\/uploads\/2023\/03\/Zu-1-768x644.jpg 768w\" sizes=\"auto, (max-width: 940px) 100vw, 940px\" \/><\/figure>\n\n\n\n<p>CuidarTE es escucharte, respetar tu opini\u00f3n y ofrecerte el consuelo cuando lo esperas, re\u00edrme y llorar contigo. As\u00ed el otro lo har\u00e1 tambi\u00e9n conmigo cuando lo necesito. \u201c<strong>Ama al pr\u00f3jimo<\/strong> como a ti mismo\u201d.<br \/><\/p>\n\n\n\n<p><strong>CUIDAR-NOS<\/strong> es una tarea de todos. Como comunidad tenemos que estar atentos a qu\u00e9 necesitan los dem\u00e1s y llevarnos bien para construir cosas buenas juntos. Porque todos necesitamos sentirnos amados: que nos cuiden, protejan, eduquen y respeten. Si lo hacemos juntos, ser\u00e1 m\u00e1s f\u00e1cil acompa\u00f1arnos cada d\u00eda. <\/p>\n\n\n\n<figure class=\"wp-block-image size-large\"><img loading=\"lazy\" decoding=\"async\" width=\"1024\" height=\"1024\" src=\"https:\/\/www.durangojesuitak.org\/wp-content\/uploads\/2023\/03\/Gu-2-1-1024x1024.jpg\" alt=\"\" class=\"wp-image-8839\" srcset=\"https:\/\/www.durangojesuitak.org\/wp-content\/uploads\/2023\/03\/Gu-2-1-1024x1024.jpg 1024w, https:\/\/www.durangojesuitak.org\/wp-content\/uploads\/2023\/03\/Gu-2-1-300x300.jpg 300w, https:\/\/www.durangojesuitak.org\/wp-content\/uploads\/2023\/03\/Gu-2-1-150x150.jpg 150w, https:\/\/www.durangojesuitak.org\/wp-content\/uploads\/2023\/03\/Gu-2-1-768x768.jpg 768w, https:\/\/www.durangojesuitak.org\/wp-content\/uploads\/2023\/03\/Gu-2-1.jpg 1080w\" sizes=\"auto, (max-width: 1024px) 100vw, 1024px\" \/><\/figure>\n\n\n\n<p>Por eso hoy te retamos a preguntarte: \u00bfQu\u00e9 puedo hacer para cuidarME y cuidarTE mejor, para cuidarNOS m\u00e1s?<\/p>\n\n\n\n<p class=\"has-text-align-center has-normal-font-size\"><strong>S\u00ed t\u00fa cuidas de ti mismo y del otro, podremos cuidarnos entre todos.<\/strong><\/p>\n\n\n\n<p class=\"has-text-align-center has-normal-font-size\"><strong>Hagamos un trato:<\/strong><\/p>\n\n\n\n<p class=\"has-text-align-center has-normal-font-size\"><strong>\u00a1\u00a1CU\u00cdDATE, CU\u00cdDAME, CUID\u00c9MONOS!!<\/strong><\/p>\n","protected":false},"excerpt":{"rendered":"<p>\u201c\u00bfDe qu\u00e9 va esto?: Esto va de cuidarnos unos a otros\u201d Hoy queremos celebrar en nuestra obra el D\u00eda del Buen Trato y el Cuidado. Y, \u00bfesto\u2026 de qu\u00e9 va? El 1 de marzo es un d\u00eda para recordarnos que en cualquier circunstancia debemos tratarnos bien entre todos. Porque eso nos hace bien a cada [&hellip;]<\/p>\n","protected":false},"author":3,"featured_media":8843,"comment_status":"open","ping_status":"open","sticky":false,"template":"","format":"standard","meta":{"_acf_changed":false,"inline_featured_image":false,"footnotes":""},"categories":[108,253,63,67],"tags":[],"class_list":["post-8848","post","type-post","status-publish","format-standard","has-post-thumbnail","hentry","category-carisma-ignaciano","category-corresponsabilidad","category-incidencia-social","category-noticias"],"acf":[],"yoast_head":"<!-- This site is optimized with the Yoast SEO plugin v26.9 - https:\/\/yoast.com\/product\/yoast-seo-wordpress\/ -->\n<title>1 de marzo: D\u00eda del Buen Trato y El Cuidado - Durango Jesuitak<\/title>\n<meta name=\"robots\" content=\"index, follow, max-snippet:-1, max-image-preview:large, max-video-preview:-1\" \/>\n<link rel=\"canonical\" href=\"https:\/\/www.durangojesuitak.org\/blog\/martxoak-1-tratu-onaren-eta-zaintzaren-eguna\/\" \/>\n<meta property=\"og:locale\" content=\"es_ES\" \/>\n<meta property=\"og:type\" content=\"article\" \/>\n<meta property=\"og:title\" content=\"1 de marzo: D\u00eda del Buen Trato y El Cuidado - Durango Jesuitak\" \/>\n<meta property=\"og:description\" content=\"\u201c\u00bfDe qu\u00e9 va esto?: Esto va de cuidarnos unos a otros\u201d Hoy queremos celebrar en nuestra obra el D\u00eda del Buen Trato y el Cuidado. Y, \u00bfesto\u2026 de qu\u00e9 va? El 1 de marzo es un d\u00eda para recordarnos que en cualquier circunstancia debemos tratarnos bien entre todos. Porque eso nos hace bien a cada [&hellip;]\" \/>\n<meta property=\"og:url\" content=\"https:\/\/www.durangojesuitak.org\/blog\/martxoak-1-tratu-onaren-eta-zaintzaren-eguna\/\" \/>\n<meta property=\"og:site_name\" content=\"Durango Jesuitak\" \/>\n<meta property=\"article:published_time\" content=\"2023-03-01T08:21:39+00:00\" \/>\n<meta property=\"article:modified_time\" content=\"2023-03-01T08:22:42+00:00\" \/>\n<meta property=\"og:image\" content=\"https:\/\/www.durangojesuitak.org\/wp-content\/uploads\/2023\/03\/Gu-1.jpg\" \/>\n\t<meta property=\"og:image:width\" content=\"940\" \/>\n\t<meta property=\"og:image:height\" content=\"788\" \/>\n\t<meta property=\"og:image:type\" content=\"image\/jpeg\" \/>\n<meta name=\"author\" content=\"durangojesuitak\" \/>\n<meta name=\"twitter:card\" content=\"summary_large_image\" \/>\n<meta name=\"twitter:label1\" content=\"Escrito por\" \/>\n\t<meta name=\"twitter:data1\" content=\"durangojesuitak\" \/>\n\t<meta name=\"twitter:label2\" content=\"Tiempo de lectura\" \/>\n\t<meta name=\"twitter:data2\" content=\"3 minutos\" \/>\n<script type=\"application\/ld+json\" class=\"yoast-schema-graph\">{\"@context\":\"https:\/\/schema.org\",\"@graph\":[{\"@type\":\"Article\",\"@id\":\"https:\/\/www.durangojesuitak.org\/blog\/martxoak-1-tratu-onaren-eta-zaintzaren-eguna\/#article\",\"isPartOf\":{\"@id\":\"https:\/\/www.durangojesuitak.org\/blog\/martxoak-1-tratu-onaren-eta-zaintzaren-eguna\/\"},\"author\":{\"name\":\"durangojesuitak\",\"@id\":\"https:\/\/www.durangojesuitak.org\/#\/schema\/person\/b0663d1a0de214b73aa00895b6deffb0\"},\"headline\":\"1 de marzo: D\u00eda del Buen Trato y El Cuidado\",\"datePublished\":\"2023-03-01T08:21:39+00:00\",\"dateModified\":\"2023-03-01T08:22:42+00:00\",\"mainEntityOfPage\":{\"@id\":\"https:\/\/www.durangojesuitak.org\/blog\/martxoak-1-tratu-onaren-eta-zaintzaren-eguna\/\"},\"wordCount\":460,\"commentCount\":0,\"publisher\":{\"@id\":\"https:\/\/www.durangojesuitak.org\/#organization\"},\"image\":{\"@id\":\"https:\/\/www.durangojesuitak.org\/blog\/martxoak-1-tratu-onaren-eta-zaintzaren-eguna\/#primaryimage\"},\"thumbnailUrl\":\"https:\/\/www.durangojesuitak.org\/wp-content\/uploads\/2023\/03\/Gu-1.jpg\",\"articleSection\":[\"Carisma ignaciano\",\"Corresponsabilidad\",\"Incidencia social\",\"Noticias\"],\"inLanguage\":\"es\",\"potentialAction\":[{\"@type\":\"CommentAction\",\"name\":\"Comment\",\"target\":[\"https:\/\/www.durangojesuitak.org\/blog\/martxoak-1-tratu-onaren-eta-zaintzaren-eguna\/#respond\"]}]},{\"@type\":\"WebPage\",\"@id\":\"https:\/\/www.durangojesuitak.org\/blog\/martxoak-1-tratu-onaren-eta-zaintzaren-eguna\/\",\"url\":\"https:\/\/www.durangojesuitak.org\/blog\/martxoak-1-tratu-onaren-eta-zaintzaren-eguna\/\",\"name\":\"1 de marzo: D\u00eda del Buen Trato y El Cuidado - Durango Jesuitak\",\"isPartOf\":{\"@id\":\"https:\/\/www.durangojesuitak.org\/#website\"},\"primaryImageOfPage\":{\"@id\":\"https:\/\/www.durangojesuitak.org\/blog\/martxoak-1-tratu-onaren-eta-zaintzaren-eguna\/#primaryimage\"},\"image\":{\"@id\":\"https:\/\/www.durangojesuitak.org\/blog\/martxoak-1-tratu-onaren-eta-zaintzaren-eguna\/#primaryimage\"},\"thumbnailUrl\":\"https:\/\/www.durangojesuitak.org\/wp-content\/uploads\/2023\/03\/Gu-1.jpg\",\"datePublished\":\"2023-03-01T08:21:39+00:00\",\"dateModified\":\"2023-03-01T08:22:42+00:00\",\"breadcrumb\":{\"@id\":\"https:\/\/www.durangojesuitak.org\/blog\/martxoak-1-tratu-onaren-eta-zaintzaren-eguna\/#breadcrumb\"},\"inLanguage\":\"es\",\"potentialAction\":[{\"@type\":\"ReadAction\",\"target\":[\"https:\/\/www.durangojesuitak.org\/blog\/martxoak-1-tratu-onaren-eta-zaintzaren-eguna\/\"]}]},{\"@type\":\"ImageObject\",\"inLanguage\":\"es\",\"@id\":\"https:\/\/www.durangojesuitak.org\/blog\/martxoak-1-tratu-onaren-eta-zaintzaren-eguna\/#primaryimage\",\"url\":\"https:\/\/www.durangojesuitak.org\/wp-content\/uploads\/2023\/03\/Gu-1.jpg\",\"contentUrl\":\"https:\/\/www.durangojesuitak.org\/wp-content\/uploads\/2023\/03\/Gu-1.jpg\",\"width\":940,\"height\":788},{\"@type\":\"BreadcrumbList\",\"@id\":\"https:\/\/www.durangojesuitak.org\/blog\/martxoak-1-tratu-onaren-eta-zaintzaren-eguna\/#breadcrumb\",\"itemListElement\":[{\"@type\":\"ListItem\",\"position\":1,\"name\":\"Home\",\"item\":\"https:\/\/www.durangojesuitak.org\/es\/\"},{\"@type\":\"ListItem\",\"position\":2,\"name\":\"1 de marzo: D\u00eda del Buen Trato y El Cuidado\"}]},{\"@type\":\"WebSite\",\"@id\":\"https:\/\/www.durangojesuitak.org\/#website\",\"url\":\"https:\/\/www.durangojesuitak.org\/\",\"name\":\"Durango Jesuitak\",\"description\":\"\",\"publisher\":{\"@id\":\"https:\/\/www.durangojesuitak.org\/#organization\"},\"potentialAction\":[{\"@type\":\"SearchAction\",\"target\":{\"@type\":\"EntryPoint\",\"urlTemplate\":\"https:\/\/www.durangojesuitak.org\/?s={search_term_string}\"},\"query-input\":{\"@type\":\"PropertyValueSpecification\",\"valueRequired\":true,\"valueName\":\"search_term_string\"}}],\"inLanguage\":\"es\"},{\"@type\":\"Organization\",\"@id\":\"https:\/\/www.durangojesuitak.org\/#organization\",\"name\":\"Jesuitak Durango\",\"url\":\"https:\/\/www.durangojesuitak.org\/\",\"logo\":{\"@type\":\"ImageObject\",\"inLanguage\":\"es\",\"@id\":\"https:\/\/www.durangojesuitak.org\/#\/schema\/logo\/image\/\",\"url\":\"https:\/\/www.durangojesuitak.org\/wp-content\/uploads\/2022\/11\/cropped-Jesuitak-Durango-1.png\",\"contentUrl\":\"https:\/\/www.durangojesuitak.org\/wp-content\/uploads\/2022\/11\/cropped-Jesuitak-Durango-1.png\",\"width\":512,\"height\":512,\"caption\":\"Jesuitak Durango\"},\"image\":{\"@id\":\"https:\/\/www.durangojesuitak.org\/#\/schema\/logo\/image\/\"}},{\"@type\":\"Person\",\"@id\":\"https:\/\/www.durangojesuitak.org\/#\/schema\/person\/b0663d1a0de214b73aa00895b6deffb0\",\"name\":\"durangojesuitak\",\"image\":{\"@type\":\"ImageObject\",\"inLanguage\":\"es\",\"@id\":\"https:\/\/www.durangojesuitak.org\/#\/schema\/person\/image\/\",\"url\":\"https:\/\/secure.gravatar.com\/avatar\/5a71b39d060b6f8a6122f3c3b2878c21d272d8ff0f8fc337999a34d6f1c7e5f0?s=150&#038;d=mm&#038;r=gforcedefault=1\",\"contentUrl\":\"https:\/\/secure.gravatar.com\/avatar\/5a71b39d060b6f8a6122f3c3b2878c21d272d8ff0f8fc337999a34d6f1c7e5f0?s=150&#038;d=mm&#038;r=gforcedefault=1\",\"caption\":\"durangojesuitak\"}}]}<\/script>\n<!-- \/ Yoast SEO plugin. -->","yoast_head_json":{"title":"1 de marzo: D\u00eda del Buen Trato y El Cuidado - Durango Jesuitak","robots":{"index":"index","follow":"follow","max-snippet":"max-snippet:-1","max-image-preview":"max-image-preview:large","max-video-preview":"max-video-preview:-1"},"canonical":"https:\/\/www.durangojesuitak.org\/blog\/martxoak-1-tratu-onaren-eta-zaintzaren-eguna\/","og_locale":"es_ES","og_type":"article","og_title":"1 de marzo: D\u00eda del Buen Trato y El Cuidado - Durango Jesuitak","og_description":"\u201c\u00bfDe qu\u00e9 va esto?: Esto va de cuidarnos unos a otros\u201d Hoy queremos celebrar en nuestra obra el D\u00eda del Buen Trato y el Cuidado. Y, \u00bfesto\u2026 de qu\u00e9 va? El 1 de marzo es un d\u00eda para recordarnos que en cualquier circunstancia debemos tratarnos bien entre todos. Porque eso nos hace bien a cada [&hellip;]","og_url":"https:\/\/www.durangojesuitak.org\/blog\/martxoak-1-tratu-onaren-eta-zaintzaren-eguna\/","og_site_name":"Durango Jesuitak","article_published_time":"2023-03-01T08:21:39+00:00","article_modified_time":"2023-03-01T08:22:42+00:00","og_image":[{"width":940,"height":788,"url":"https:\/\/www.durangojesuitak.org\/wp-content\/uploads\/2023\/03\/Gu-1.jpg","type":"image\/jpeg"}],"author":"durangojesuitak","twitter_card":"summary_large_image","twitter_misc":{"Escrito por":"durangojesuitak","Tiempo de lectura":"3 minutos"},"schema":{"@context":"https:\/\/schema.org","@graph":[{"@type":"Article","@id":"https:\/\/www.durangojesuitak.org\/blog\/martxoak-1-tratu-onaren-eta-zaintzaren-eguna\/#article","isPartOf":{"@id":"https:\/\/www.durangojesuitak.org\/blog\/martxoak-1-tratu-onaren-eta-zaintzaren-eguna\/"},"author":{"name":"durangojesuitak","@id":"https:\/\/www.durangojesuitak.org\/#\/schema\/person\/b0663d1a0de214b73aa00895b6deffb0"},"headline":"1 de marzo: D\u00eda del Buen Trato y El Cuidado","datePublished":"2023-03-01T08:21:39+00:00","dateModified":"2023-03-01T08:22:42+00:00","mainEntityOfPage":{"@id":"https:\/\/www.durangojesuitak.org\/blog\/martxoak-1-tratu-onaren-eta-zaintzaren-eguna\/"},"wordCount":460,"commentCount":0,"publisher":{"@id":"https:\/\/www.durangojesuitak.org\/#organization"},"image":{"@id":"https:\/\/www.durangojesuitak.org\/blog\/martxoak-1-tratu-onaren-eta-zaintzaren-eguna\/#primaryimage"},"thumbnailUrl":"https:\/\/www.durangojesuitak.org\/wp-content\/uploads\/2023\/03\/Gu-1.jpg","articleSection":["Carisma ignaciano","Corresponsabilidad","Incidencia social","Noticias"],"inLanguage":"es","potentialAction":[{"@type":"CommentAction","name":"Comment","target":["https:\/\/www.durangojesuitak.org\/blog\/martxoak-1-tratu-onaren-eta-zaintzaren-eguna\/#respond"]}]},{"@type":"WebPage","@id":"https:\/\/www.durangojesuitak.org\/blog\/martxoak-1-tratu-onaren-eta-zaintzaren-eguna\/","url":"https:\/\/www.durangojesuitak.org\/blog\/martxoak-1-tratu-onaren-eta-zaintzaren-eguna\/","name":"1 de marzo: D\u00eda del Buen Trato y El Cuidado - Durango Jesuitak","isPartOf":{"@id":"https:\/\/www.durangojesuitak.org\/#website"},"primaryImageOfPage":{"@id":"https:\/\/www.durangojesuitak.org\/blog\/martxoak-1-tratu-onaren-eta-zaintzaren-eguna\/#primaryimage"},"image":{"@id":"https:\/\/www.durangojesuitak.org\/blog\/martxoak-1-tratu-onaren-eta-zaintzaren-eguna\/#primaryimage"},"thumbnailUrl":"https:\/\/www.durangojesuitak.org\/wp-content\/uploads\/2023\/03\/Gu-1.jpg","datePublished":"2023-03-01T08:21:39+00:00","dateModified":"2023-03-01T08:22:42+00:00","breadcrumb":{"@id":"https:\/\/www.durangojesuitak.org\/blog\/martxoak-1-tratu-onaren-eta-zaintzaren-eguna\/#breadcrumb"},"inLanguage":"es","potentialAction":[{"@type":"ReadAction","target":["https:\/\/www.durangojesuitak.org\/blog\/martxoak-1-tratu-onaren-eta-zaintzaren-eguna\/"]}]},{"@type":"ImageObject","inLanguage":"es","@id":"https:\/\/www.durangojesuitak.org\/blog\/martxoak-1-tratu-onaren-eta-zaintzaren-eguna\/#primaryimage","url":"https:\/\/www.durangojesuitak.org\/wp-content\/uploads\/2023\/03\/Gu-1.jpg","contentUrl":"https:\/\/www.durangojesuitak.org\/wp-content\/uploads\/2023\/03\/Gu-1.jpg","width":940,"height":788},{"@type":"BreadcrumbList","@id":"https:\/\/www.durangojesuitak.org\/blog\/martxoak-1-tratu-onaren-eta-zaintzaren-eguna\/#breadcrumb","itemListElement":[{"@type":"ListItem","position":1,"name":"Home","item":"https:\/\/www.durangojesuitak.org\/es\/"},{"@type":"ListItem","position":2,"name":"1 de marzo: D\u00eda del Buen Trato y El Cuidado"}]},{"@type":"WebSite","@id":"https:\/\/www.durangojesuitak.org\/#website","url":"https:\/\/www.durangojesuitak.org\/","name":"Durango Jesuitak","description":"","publisher":{"@id":"https:\/\/www.durangojesuitak.org\/#organization"},"potentialAction":[{"@type":"SearchAction","target":{"@type":"EntryPoint","urlTemplate":"https:\/\/www.durangojesuitak.org\/?s={search_term_string}"},"query-input":{"@type":"PropertyValueSpecification","valueRequired":true,"valueName":"search_term_string"}}],"inLanguage":"es"},{"@type":"Organization","@id":"https:\/\/www.durangojesuitak.org\/#organization","name":"Jesuitak Durango","url":"https:\/\/www.durangojesuitak.org\/","logo":{"@type":"ImageObject","inLanguage":"es","@id":"https:\/\/www.durangojesuitak.org\/#\/schema\/logo\/image\/","url":"https:\/\/www.durangojesuitak.org\/wp-content\/uploads\/2022\/11\/cropped-Jesuitak-Durango-1.png","contentUrl":"https:\/\/www.durangojesuitak.org\/wp-content\/uploads\/2022\/11\/cropped-Jesuitak-Durango-1.png","width":512,"height":512,"caption":"Jesuitak Durango"},"image":{"@id":"https:\/\/www.durangojesuitak.org\/#\/schema\/logo\/image\/"}},{"@type":"Person","@id":"https:\/\/www.durangojesuitak.org\/#\/schema\/person\/b0663d1a0de214b73aa00895b6deffb0","name":"durangojesuitak","image":{"@type":"ImageObject","inLanguage":"es","@id":"https:\/\/www.durangojesuitak.org\/#\/schema\/person\/image\/","url":"https:\/\/secure.gravatar.com\/avatar\/5a71b39d060b6f8a6122f3c3b2878c21d272d8ff0f8fc337999a34d6f1c7e5f0?s=150&#038;d=mm&#038;r=gforcedefault=1","contentUrl":"https:\/\/secure.gravatar.com\/avatar\/5a71b39d060b6f8a6122f3c3b2878c21d272d8ff0f8fc337999a34d6f1c7e5f0?s=150&#038;d=mm&#038;r=gforcedefault=1","caption":"durangojesuitak"}}]}},"_links":{"self":[{"href":"https:\/\/www.durangojesuitak.org\/es\/wp-json\/wp\/v2\/posts\/8848","targetHints":{"allow":["GET"]}}],"collection":[{"href":"https:\/\/www.durangojesuitak.org\/es\/wp-json\/wp\/v2\/posts"}],"about":[{"href":"https:\/\/www.durangojesuitak.org\/es\/wp-json\/wp\/v2\/types\/post"}],"author":[{"embeddable":true,"href":"https:\/\/www.durangojesuitak.org\/es\/wp-json\/wp\/v2\/users\/3"}],"replies":[{"embeddable":true,"href":"https:\/\/www.durangojesuitak.org\/es\/wp-json\/wp\/v2\/comments?post=8848"}],"version-history":[{"count":1,"href":"https:\/\/www.durangojesuitak.org\/es\/wp-json\/wp\/v2\/posts\/8848\/revisions"}],"predecessor-version":[{"id":8851,"href":"https:\/\/www.durangojesuitak.org\/es\/wp-json\/wp\/v2\/posts\/8848\/revisions\/8851"}],"wp:featuredmedia":[{"embeddable":true,"href":"https:\/\/www.durangojesuitak.org\/es\/wp-json\/wp\/v2\/media\/8843"}],"wp:attachment":[{"href":"https:\/\/www.durangojesuitak.org\/es\/wp-json\/wp\/v2\/media?parent=8848"}],"wp:term":[{"taxonomy":"category","embeddable":true,"href":"https:\/\/www.durangojesuitak.org\/es\/wp-json\/wp\/v2\/categories?post=8848"},{"taxonomy":"post_tag","embeddable":true,"href":"https:\/\/www.durangojesuitak.org\/es\/wp-json\/wp\/v2\/tags?post=8848"}],"curies":[{"name":"wp","href":"https:\/\/api.w.org\/{rel}","templated":true}]}}