{"id":9097,"date":"2023-03-08T16:50:48","date_gmt":"2023-03-08T15:50:48","guid":{"rendered":"https:\/\/www.durangojesuitak.org\/?p=9097"},"modified":"2023-03-08T16:57:53","modified_gmt":"2023-03-08T15:57:53","slug":"8-de-marzo-dia-internacional-de-las-mujeres","status":"publish","type":"post","link":"https:\/\/www.durangojesuitak.org\/es\/blog\/8-de-marzo-dia-internacional-de-las-mujeres\/","title":{"rendered":"8 de marzo: D\u00eda Internacional de las Mujeres"},"content":{"rendered":"\n<p><em>Manifiesto para el 8M elaborado por alumnas de Literatura Universal de 1\u00ba de Bachillerato<\/em>.<\/p>\n\n\n\n\n\n\n\n<p>\u00bfPor qu\u00e9 se celebra el D\u00eda Internacional de la Mujer justo el 8 de marzo? \u00bfPor qu\u00e9 lo celebramos? Si echamos la vista atr\u00e1s, el 8 de Marzo, D\u00eda Internacional de las Mujeres, nos recuerda varias conmemoraciones relacionadas con la igualdad y los derechos de las mujeres.<br \/><\/p>\n\n\n\n<p>Algunas de las fechas clave de la lucha feminista son:<\/p>\n\n\n\n<ul class=\"wp-block-list\"><li>El 8 de marzo de 1857, en plena revoluci\u00f3n industrial, las mujeres&nbsp; neoyorquinas que trabajaban en la industria textil organizaron una <strong>huelga<\/strong>: peleaban por salarios justos y condiciones laborales m\u00e1s humanas. Al manifestarse, fueron detenidas.&nbsp;<\/li><\/ul>\n\n\n\n<ul class=\"wp-block-list\"><li>En 1859, las manifestantes crearon su <strong>primer sindicato<\/strong> para pelear por sus derechos.<\/li><\/ul>\n\n\n\n<ul class=\"wp-block-list\"><li>El 8 de marzo de 1908, 51 a\u00f1os m\u00e1s tarde, alrededor de 15,000 mujeres volvieron a salir a las calles de Nueva York para exigir un aumento de sueldo, menos horas de trabajo, derecho al voto y prohibir el trabajo infantil. El eslogan que utilizaron fue <strong>\u00abPan y Rosas<\/strong>\u00bb: el <em>pan<\/em> representaba la seguridad econ\u00f3mica, y las <em>rosas<\/em> una mejor calidad de vida.<\/li><\/ul>\n\n\n\n<ul class=\"wp-block-list\"><li><strong>En 1910,<\/strong> tuvo lugar el segundo encuentro Internacional Socialista de Mujeres, en Copenhague, Dinamarca. En esta ocasi\u00f3n, se propuso fijar un d\u00eda simb\u00f3lico \u2013en torno al 8 de marzo\u2013 que sirviera para reivindicar los derechos de todas las mujeres, principalmente el derecho al voto.<\/li><\/ul>\n\n\n\n<ul class=\"wp-block-list\"><li><strong>Finalmente, en 1975 la ONU reconoci\u00f3 el d\u00eda 8 de marzo de manera oficial<\/strong>.<\/li><\/ul>\n\n\n\n<p>A trav\u00e9s del recuerdo de estos hechos, el 8 de marzo es un d\u00eda en el que se celebran los derechos conquistados por las mujeres en todos los \u00e1mbitos y conmemora la larga historia de luchas y sacrificios de muchas personas para conseguirlos. El trabajo por la igualdad y por los derechos de las mujeres es una cadena que viene de atr\u00e1s.&nbsp;<\/p>\n\n\n\n<p>El feminismo, por lo tanto, es un movimiento que ha ganado fuerza en los \u00faltimos a\u00f1os y que debemos entender como una lucha en conjunto y un esfuerzo prolongado en el tiempo. As\u00ed, se entiende c\u00f3mo cada generaci\u00f3n hemos ido heredando el deber de luchar por nuestros derechos y por los de las generaciones venideras.<\/p>\n\n\n\n<p><strong>\u00abSi miraras con nuestros ojos, gritar\u00edas igual\u00bb, \u00abSola no voy a cambiar el mundo, pero juntos y juntas s\u00ed\u00bb. Son<\/strong> frases que resumen la necesidad de que todas las personas comprendamos la perspectiva de las mujeres, nos unamos a las reivindicaciones del 8 de marzo y nos pongamos a andar. La falta de comprensi\u00f3n y empat\u00eda ha sido una de las mayores barreras en la lucha por la igualdad. Aunque ha habido progreso en ciertos \u00e1mbitos, la igualdad plena no ha sido alcanzada. Las mujeres continuamos luchando por el derecho a ser tratadas con respeto y dignidad en todas las \u00e1reas de nuestra vida.&nbsp;<\/p>\n\n\n\n<p><strong>\u00abCr\u00eda a tus hijos de la misma manera que a tus hijas\u00bb,<\/strong> es una reivindicaci\u00f3n simple pero poderosa que podr\u00eda ayudar a erradicar la desigualdad de g\u00e9nero. La educaci\u00f3n y la crianza son fundamentales para crear una sociedad m\u00e1s justa y equitativa. La sociedad debe cambiar su manera de criar a las nuevas generaciones, <strong>\u00abbasta de criar machitos violentos y princesas indefensas\u00bb.<\/strong><\/p>\n\n\n\n<p><strong>\u00ab\u00bfA qu\u00e9 mujer de tu vida tendr\u00edan que violar o matar para que te preocupes por la violencia de g\u00e9nero?\u00bb.<\/strong> Es una pregunta que resalta la necesidad de que todas las personas se preocupen por la violencia de g\u00e9nero, no solo cuando afecta a alguien cercano. La violencia de g\u00e9nero es un problema que afecta de una manera u otra a todas las mujeres, en primer lugar, y a todos los hombres. Solo se puede erradicar si trabajamos juntos y juntas para erradicar todo tipo de violencia en nuestras vidas.&nbsp;<\/p>\n\n\n\n<p>Creemos que esta lucha es tanto de&nbsp; mujeres como de hombres. Por ello, nos sorprenden y preocupan las preguntas que escuchamos a nuestro alrededor muy a menudo:&nbsp; \u201c\u00bfqu\u00e9 tiene que ver con nosotras ahora el ocho de marzo?\u201d o \u201c\u00bfqu\u00e9 nos falta realmente por reivindicar? Quien lo pregunta sigue creyendo que no tenemos nada por lo que luchar. Quien lo pregunta, sigue pensando que nuestra sociedad ya ha avanzado lo suficiente y que ya existe la total igualdad. Por eso queremos dar a conocer las desigualdades machistas que ocurren tambi\u00e9n aqu\u00ed.&nbsp;<\/p>\n\n\n\n<p>Nosotras, adolescentes, hemos presenciado ataques machistas que est\u00e1n demasiado normalizados, haciendo que no parezcan agresiones. Normalizar las peque\u00f1as violencias&nbsp; hace que muchas personas le resten importancia al machismo que sufrimos d\u00eda a d\u00eda en nuestro entorno.<\/p>\n\n\n\n<p>Somos j\u00f3venes y no podemos hablar en primera persona de las diferencias salariales o las desigualdades en el acceso a distintos puestos de trabajo. Pero s\u00ed podemos hablar de los sucesos que vemos y sufrimos en los distintos \u00e1mbitos de nuestra vida: en fiestas, en el \u00e1mbito familiar o en clase, donde a menudo escuchamos comentarios y sufrimos situaciones machistas, por muy peque\u00f1as que sean.<\/p>\n\n\n\n<p>Normalizar las injusticias y las desigualdades lleva a que no seamos conscientes de la necesidad del 8 de marzo y sus reivindicaciones. Por eso queremos dar voz a nuestra lucha diaria, a nuestros conflictos silenciosos, remarcando que el machismo es un problema que no nos queda lejos, que est\u00e1 entre nosotras y lo sufrimos a diario.&nbsp;<\/p>\n\n\n\n<p>Nosotras, con 16 a\u00f1os, queremos seguir con la cadena que las mujeres de generaciones pasadas nos han dejado, para seguir luchando por nuestra igualdad. Al igual que nosotras nos hemos unido a esta cadena, esperamos que las nuevas generaciones que ahora nos est\u00e1is escuchando os un\u00e1is tambi\u00e9n a esta lucha.<\/p>\n\n\n\n<p>Agradecemos profundamente a las mujeres valientes que lucharon por nuestros derechos en el pasado, y nos comprometemos a seguir adelante para dejar un mundo m\u00e1s justo para las futuras generaciones. Esta es nuestra lucha. Gora borroka feminista.<\/p>\n\n\n\n\n\n\n\n<figure class=\"wp-block-embed is-type-video is-provider-youtube wp-block-embed-youtube wp-embed-aspect-16-9 wp-has-aspect-ratio\"><div class=\"wp-block-embed__wrapper\">\n<iframe loading=\"lazy\" title=\"Martxoak 8\" width=\"500\" height=\"281\" src=\"https:\/\/www.youtube.com\/embed\/vFN0r5y7iqw?feature=oembed\" frameborder=\"0\" allow=\"accelerometer; autoplay; clipboard-write; encrypted-media; gyroscope; picture-in-picture; web-share\" referrerpolicy=\"strict-origin-when-cross-origin\" allowfullscreen><\/iframe>\n<\/div><\/figure>\n\n\n\n<p><strong>Fuentes de informaci\u00f3n:<\/strong><\/p>\n\n\n\n<ul class=\"wp-block-list\"><li><a href=\"https:\/\/historia.nationalgeographic.com.es\/a\/el-origen-del-8-de-marzo-como-dia-\ninternacional-de-la-mujer_12468\">https:\/\/historia.nationalgeographic.com.es\/a\/el-origen-del-8-de-marzo-como-dia-<br \/>internacional-de-la-mujer_12468<\/a><\/li><li><a href=\"https:\/\/www.emakunde.euskadi.eus\/informacion\/8-marzo-2020\/webema01-\ncontentemas\/es\/\">https:\/\/www.emakunde.euskadi.eus\/informacion\/8-marzo-2020\/webema01-<br \/>contentemas\/es\/<\/a><\/li><li><a href=\"https:\/\/www.un.org\/es\/observances\/womens-day\">https:\/\/www.un.org\/es\/observances\/womens-day<\/a><\/li><li><a href=\"https:\/\/www.ngenespanol.com\/traveler\/la-dolorosa-historia-detras-del-dia-\ninternacional-de-la-mujer\/\">https:\/\/www.ngenespanol.com\/traveler\/la-dolorosa-historia-detras-del-dia-<br \/>internacional-de-la-mujer\/<\/a><\/li><li><a href=\"https:\/\/www.telemadrid.es\/noticias\/sociedad\/Por-que-se-celebra-el-Dia-\nInternacional-de-la-Mujer-el-8-de-marzo-0-2539246058--20230306095605.html\">https:\/\/www.telemadrid.es\/noticias\/sociedad\/Por-que-se-celebra-el-Dia-<br \/>Internacional-de-la-Mujer-el-8-de-marzo-0-2539246058&#8211;20230306095605.html<\/a><\/li><li><a href=\"https:\/\/www.un.org\/es\/observances\/womens-day\/background\">https:\/\/www.un.org\/es\/observances\/womens-day\/background<\/a><\/li><\/ul>\n","protected":false},"excerpt":{"rendered":"<p>Manifiesto para el 8M elaborado por alumnas de Literatura Universal de 1\u00ba de Bachillerato. \u00bfPor qu\u00e9 se celebra el D\u00eda Internacional de la Mujer justo el 8 de marzo? \u00bfPor qu\u00e9 lo celebramos? Si echamos la vista atr\u00e1s, el 8 de Marzo, D\u00eda Internacional de las Mujeres, nos recuerda varias conmemoraciones relacionadas con la igualdad [&hellip;]<\/p>\n","protected":false},"author":3,"featured_media":9070,"comment_status":"open","ping_status":"open","sticky":false,"template":"","format":"standard","meta":{"_acf_changed":false,"inline_featured_image":false,"footnotes":""},"categories":[253,63,67],"tags":[57],"class_list":["post-9097","post","type-post","status-publish","format-standard","has-post-thumbnail","hentry","category-corresponsabilidad","category-incidencia-social","category-noticias","tag-durango-es"],"acf":[],"yoast_head":"<!-- This site is optimized with the Yoast SEO plugin v26.9 - https:\/\/yoast.com\/product\/yoast-seo-wordpress\/ -->\n<title>8 de marzo: D\u00eda Internacional de las Mujeres - Durango Jesuitak<\/title>\n<meta name=\"robots\" content=\"index, follow, max-snippet:-1, max-image-preview:large, max-video-preview:-1\" \/>\n<link rel=\"canonical\" href=\"https:\/\/www.durangojesuitak.org\/blog\/martxoak-8-emakumeen-nazioarteko-eguna\/\" \/>\n<meta property=\"og:locale\" content=\"es_ES\" \/>\n<meta property=\"og:type\" content=\"article\" \/>\n<meta property=\"og:title\" content=\"8 de marzo: D\u00eda Internacional de las Mujeres - Durango Jesuitak\" \/>\n<meta property=\"og:description\" content=\"Manifiesto para el 8M elaborado por alumnas de Literatura Universal de 1\u00ba de Bachillerato. \u00bfPor qu\u00e9 se celebra el D\u00eda Internacional de la Mujer justo el 8 de marzo? \u00bfPor qu\u00e9 lo celebramos? Si echamos la vista atr\u00e1s, el 8 de Marzo, D\u00eda Internacional de las Mujeres, nos recuerda varias conmemoraciones relacionadas con la igualdad [&hellip;]\" \/>\n<meta property=\"og:url\" content=\"https:\/\/www.durangojesuitak.org\/blog\/martxoak-8-emakumeen-nazioarteko-eguna\/\" \/>\n<meta property=\"og:site_name\" content=\"Durango Jesuitak\" \/>\n<meta property=\"article:published_time\" content=\"2023-03-08T15:50:48+00:00\" \/>\n<meta property=\"article:modified_time\" content=\"2023-03-08T15:57:53+00:00\" \/>\n<meta property=\"og:image\" content=\"https:\/\/www.durangojesuitak.org\/wp-content\/uploads\/2023\/03\/IMG-20230308-WA0017.jpg\" \/>\n\t<meta property=\"og:image:width\" content=\"2048\" \/>\n\t<meta property=\"og:image:height\" content=\"1536\" \/>\n\t<meta property=\"og:image:type\" content=\"image\/jpeg\" \/>\n<meta name=\"author\" content=\"durangojesuitak\" \/>\n<meta name=\"twitter:card\" content=\"summary_large_image\" \/>\n<meta name=\"twitter:label1\" content=\"Escrito por\" \/>\n\t<meta name=\"twitter:data1\" content=\"durangojesuitak\" \/>\n\t<meta name=\"twitter:label2\" content=\"Tiempo de lectura\" \/>\n\t<meta name=\"twitter:data2\" content=\"5 minutos\" \/>\n<script type=\"application\/ld+json\" class=\"yoast-schema-graph\">{\"@context\":\"https:\/\/schema.org\",\"@graph\":[{\"@type\":\"Article\",\"@id\":\"https:\/\/www.durangojesuitak.org\/blog\/martxoak-8-emakumeen-nazioarteko-eguna\/#article\",\"isPartOf\":{\"@id\":\"https:\/\/www.durangojesuitak.org\/blog\/martxoak-8-emakumeen-nazioarteko-eguna\/\"},\"author\":{\"name\":\"durangojesuitak\",\"@id\":\"https:\/\/www.durangojesuitak.org\/#\/schema\/person\/b0663d1a0de214b73aa00895b6deffb0\"},\"headline\":\"8 de marzo: D\u00eda Internacional de las Mujeres\",\"datePublished\":\"2023-03-08T15:50:48+00:00\",\"dateModified\":\"2023-03-08T15:57:53+00:00\",\"mainEntityOfPage\":{\"@id\":\"https:\/\/www.durangojesuitak.org\/blog\/martxoak-8-emakumeen-nazioarteko-eguna\/\"},\"wordCount\":1055,\"commentCount\":0,\"publisher\":{\"@id\":\"https:\/\/www.durangojesuitak.org\/#organization\"},\"image\":{\"@id\":\"https:\/\/www.durangojesuitak.org\/blog\/martxoak-8-emakumeen-nazioarteko-eguna\/#primaryimage\"},\"thumbnailUrl\":\"https:\/\/www.durangojesuitak.org\/wp-content\/uploads\/2023\/03\/IMG-20230308-WA0017.jpg\",\"keywords\":[\"Durango\"],\"articleSection\":[\"Corresponsabilidad\",\"Incidencia social\",\"Noticias\"],\"inLanguage\":\"es\",\"potentialAction\":[{\"@type\":\"CommentAction\",\"name\":\"Comment\",\"target\":[\"https:\/\/www.durangojesuitak.org\/blog\/martxoak-8-emakumeen-nazioarteko-eguna\/#respond\"]}]},{\"@type\":\"WebPage\",\"@id\":\"https:\/\/www.durangojesuitak.org\/blog\/martxoak-8-emakumeen-nazioarteko-eguna\/\",\"url\":\"https:\/\/www.durangojesuitak.org\/blog\/martxoak-8-emakumeen-nazioarteko-eguna\/\",\"name\":\"8 de marzo: D\u00eda Internacional de las Mujeres - Durango Jesuitak\",\"isPartOf\":{\"@id\":\"https:\/\/www.durangojesuitak.org\/#website\"},\"primaryImageOfPage\":{\"@id\":\"https:\/\/www.durangojesuitak.org\/blog\/martxoak-8-emakumeen-nazioarteko-eguna\/#primaryimage\"},\"image\":{\"@id\":\"https:\/\/www.durangojesuitak.org\/blog\/martxoak-8-emakumeen-nazioarteko-eguna\/#primaryimage\"},\"thumbnailUrl\":\"https:\/\/www.durangojesuitak.org\/wp-content\/uploads\/2023\/03\/IMG-20230308-WA0017.jpg\",\"datePublished\":\"2023-03-08T15:50:48+00:00\",\"dateModified\":\"2023-03-08T15:57:53+00:00\",\"breadcrumb\":{\"@id\":\"https:\/\/www.durangojesuitak.org\/blog\/martxoak-8-emakumeen-nazioarteko-eguna\/#breadcrumb\"},\"inLanguage\":\"es\",\"potentialAction\":[{\"@type\":\"ReadAction\",\"target\":[\"https:\/\/www.durangojesuitak.org\/blog\/martxoak-8-emakumeen-nazioarteko-eguna\/\"]}]},{\"@type\":\"ImageObject\",\"inLanguage\":\"es\",\"@id\":\"https:\/\/www.durangojesuitak.org\/blog\/martxoak-8-emakumeen-nazioarteko-eguna\/#primaryimage\",\"url\":\"https:\/\/www.durangojesuitak.org\/wp-content\/uploads\/2023\/03\/IMG-20230308-WA0017.jpg\",\"contentUrl\":\"https:\/\/www.durangojesuitak.org\/wp-content\/uploads\/2023\/03\/IMG-20230308-WA0017.jpg\",\"width\":2048,\"height\":1536},{\"@type\":\"BreadcrumbList\",\"@id\":\"https:\/\/www.durangojesuitak.org\/blog\/martxoak-8-emakumeen-nazioarteko-eguna\/#breadcrumb\",\"itemListElement\":[{\"@type\":\"ListItem\",\"position\":1,\"name\":\"Home\",\"item\":\"https:\/\/www.durangojesuitak.org\/es\/\"},{\"@type\":\"ListItem\",\"position\":2,\"name\":\"8 de marzo: D\u00eda Internacional de las Mujeres\"}]},{\"@type\":\"WebSite\",\"@id\":\"https:\/\/www.durangojesuitak.org\/#website\",\"url\":\"https:\/\/www.durangojesuitak.org\/\",\"name\":\"Durango Jesuitak\",\"description\":\"\",\"publisher\":{\"@id\":\"https:\/\/www.durangojesuitak.org\/#organization\"},\"potentialAction\":[{\"@type\":\"SearchAction\",\"target\":{\"@type\":\"EntryPoint\",\"urlTemplate\":\"https:\/\/www.durangojesuitak.org\/?s={search_term_string}\"},\"query-input\":{\"@type\":\"PropertyValueSpecification\",\"valueRequired\":true,\"valueName\":\"search_term_string\"}}],\"inLanguage\":\"es\"},{\"@type\":\"Organization\",\"@id\":\"https:\/\/www.durangojesuitak.org\/#organization\",\"name\":\"Jesuitak Durango\",\"url\":\"https:\/\/www.durangojesuitak.org\/\",\"logo\":{\"@type\":\"ImageObject\",\"inLanguage\":\"es\",\"@id\":\"https:\/\/www.durangojesuitak.org\/#\/schema\/logo\/image\/\",\"url\":\"https:\/\/www.durangojesuitak.org\/wp-content\/uploads\/2022\/11\/cropped-Jesuitak-Durango-1.png\",\"contentUrl\":\"https:\/\/www.durangojesuitak.org\/wp-content\/uploads\/2022\/11\/cropped-Jesuitak-Durango-1.png\",\"width\":512,\"height\":512,\"caption\":\"Jesuitak Durango\"},\"image\":{\"@id\":\"https:\/\/www.durangojesuitak.org\/#\/schema\/logo\/image\/\"}},{\"@type\":\"Person\",\"@id\":\"https:\/\/www.durangojesuitak.org\/#\/schema\/person\/b0663d1a0de214b73aa00895b6deffb0\",\"name\":\"durangojesuitak\",\"image\":{\"@type\":\"ImageObject\",\"inLanguage\":\"es\",\"@id\":\"https:\/\/www.durangojesuitak.org\/#\/schema\/person\/image\/\",\"url\":\"https:\/\/secure.gravatar.com\/avatar\/5a71b39d060b6f8a6122f3c3b2878c21d272d8ff0f8fc337999a34d6f1c7e5f0?s=150&#038;d=mm&#038;r=gforcedefault=1\",\"contentUrl\":\"https:\/\/secure.gravatar.com\/avatar\/5a71b39d060b6f8a6122f3c3b2878c21d272d8ff0f8fc337999a34d6f1c7e5f0?s=150&#038;d=mm&#038;r=gforcedefault=1\",\"caption\":\"durangojesuitak\"}}]}<\/script>\n<!-- \/ Yoast SEO plugin. -->","yoast_head_json":{"title":"8 de marzo: D\u00eda Internacional de las Mujeres - Durango Jesuitak","robots":{"index":"index","follow":"follow","max-snippet":"max-snippet:-1","max-image-preview":"max-image-preview:large","max-video-preview":"max-video-preview:-1"},"canonical":"https:\/\/www.durangojesuitak.org\/blog\/martxoak-8-emakumeen-nazioarteko-eguna\/","og_locale":"es_ES","og_type":"article","og_title":"8 de marzo: D\u00eda Internacional de las Mujeres - Durango Jesuitak","og_description":"Manifiesto para el 8M elaborado por alumnas de Literatura Universal de 1\u00ba de Bachillerato. \u00bfPor qu\u00e9 se celebra el D\u00eda Internacional de la Mujer justo el 8 de marzo? \u00bfPor qu\u00e9 lo celebramos? Si echamos la vista atr\u00e1s, el 8 de Marzo, D\u00eda Internacional de las Mujeres, nos recuerda varias conmemoraciones relacionadas con la igualdad [&hellip;]","og_url":"https:\/\/www.durangojesuitak.org\/blog\/martxoak-8-emakumeen-nazioarteko-eguna\/","og_site_name":"Durango Jesuitak","article_published_time":"2023-03-08T15:50:48+00:00","article_modified_time":"2023-03-08T15:57:53+00:00","og_image":[{"width":2048,"height":1536,"url":"https:\/\/www.durangojesuitak.org\/wp-content\/uploads\/2023\/03\/IMG-20230308-WA0017.jpg","type":"image\/jpeg"}],"author":"durangojesuitak","twitter_card":"summary_large_image","twitter_misc":{"Escrito por":"durangojesuitak","Tiempo de lectura":"5 minutos"},"schema":{"@context":"https:\/\/schema.org","@graph":[{"@type":"Article","@id":"https:\/\/www.durangojesuitak.org\/blog\/martxoak-8-emakumeen-nazioarteko-eguna\/#article","isPartOf":{"@id":"https:\/\/www.durangojesuitak.org\/blog\/martxoak-8-emakumeen-nazioarteko-eguna\/"},"author":{"name":"durangojesuitak","@id":"https:\/\/www.durangojesuitak.org\/#\/schema\/person\/b0663d1a0de214b73aa00895b6deffb0"},"headline":"8 de marzo: D\u00eda Internacional de las Mujeres","datePublished":"2023-03-08T15:50:48+00:00","dateModified":"2023-03-08T15:57:53+00:00","mainEntityOfPage":{"@id":"https:\/\/www.durangojesuitak.org\/blog\/martxoak-8-emakumeen-nazioarteko-eguna\/"},"wordCount":1055,"commentCount":0,"publisher":{"@id":"https:\/\/www.durangojesuitak.org\/#organization"},"image":{"@id":"https:\/\/www.durangojesuitak.org\/blog\/martxoak-8-emakumeen-nazioarteko-eguna\/#primaryimage"},"thumbnailUrl":"https:\/\/www.durangojesuitak.org\/wp-content\/uploads\/2023\/03\/IMG-20230308-WA0017.jpg","keywords":["Durango"],"articleSection":["Corresponsabilidad","Incidencia social","Noticias"],"inLanguage":"es","potentialAction":[{"@type":"CommentAction","name":"Comment","target":["https:\/\/www.durangojesuitak.org\/blog\/martxoak-8-emakumeen-nazioarteko-eguna\/#respond"]}]},{"@type":"WebPage","@id":"https:\/\/www.durangojesuitak.org\/blog\/martxoak-8-emakumeen-nazioarteko-eguna\/","url":"https:\/\/www.durangojesuitak.org\/blog\/martxoak-8-emakumeen-nazioarteko-eguna\/","name":"8 de marzo: D\u00eda Internacional de las Mujeres - Durango Jesuitak","isPartOf":{"@id":"https:\/\/www.durangojesuitak.org\/#website"},"primaryImageOfPage":{"@id":"https:\/\/www.durangojesuitak.org\/blog\/martxoak-8-emakumeen-nazioarteko-eguna\/#primaryimage"},"image":{"@id":"https:\/\/www.durangojesuitak.org\/blog\/martxoak-8-emakumeen-nazioarteko-eguna\/#primaryimage"},"thumbnailUrl":"https:\/\/www.durangojesuitak.org\/wp-content\/uploads\/2023\/03\/IMG-20230308-WA0017.jpg","datePublished":"2023-03-08T15:50:48+00:00","dateModified":"2023-03-08T15:57:53+00:00","breadcrumb":{"@id":"https:\/\/www.durangojesuitak.org\/blog\/martxoak-8-emakumeen-nazioarteko-eguna\/#breadcrumb"},"inLanguage":"es","potentialAction":[{"@type":"ReadAction","target":["https:\/\/www.durangojesuitak.org\/blog\/martxoak-8-emakumeen-nazioarteko-eguna\/"]}]},{"@type":"ImageObject","inLanguage":"es","@id":"https:\/\/www.durangojesuitak.org\/blog\/martxoak-8-emakumeen-nazioarteko-eguna\/#primaryimage","url":"https:\/\/www.durangojesuitak.org\/wp-content\/uploads\/2023\/03\/IMG-20230308-WA0017.jpg","contentUrl":"https:\/\/www.durangojesuitak.org\/wp-content\/uploads\/2023\/03\/IMG-20230308-WA0017.jpg","width":2048,"height":1536},{"@type":"BreadcrumbList","@id":"https:\/\/www.durangojesuitak.org\/blog\/martxoak-8-emakumeen-nazioarteko-eguna\/#breadcrumb","itemListElement":[{"@type":"ListItem","position":1,"name":"Home","item":"https:\/\/www.durangojesuitak.org\/es\/"},{"@type":"ListItem","position":2,"name":"8 de marzo: D\u00eda Internacional de las Mujeres"}]},{"@type":"WebSite","@id":"https:\/\/www.durangojesuitak.org\/#website","url":"https:\/\/www.durangojesuitak.org\/","name":"Durango Jesuitak","description":"","publisher":{"@id":"https:\/\/www.durangojesuitak.org\/#organization"},"potentialAction":[{"@type":"SearchAction","target":{"@type":"EntryPoint","urlTemplate":"https:\/\/www.durangojesuitak.org\/?s={search_term_string}"},"query-input":{"@type":"PropertyValueSpecification","valueRequired":true,"valueName":"search_term_string"}}],"inLanguage":"es"},{"@type":"Organization","@id":"https:\/\/www.durangojesuitak.org\/#organization","name":"Jesuitak Durango","url":"https:\/\/www.durangojesuitak.org\/","logo":{"@type":"ImageObject","inLanguage":"es","@id":"https:\/\/www.durangojesuitak.org\/#\/schema\/logo\/image\/","url":"https:\/\/www.durangojesuitak.org\/wp-content\/uploads\/2022\/11\/cropped-Jesuitak-Durango-1.png","contentUrl":"https:\/\/www.durangojesuitak.org\/wp-content\/uploads\/2022\/11\/cropped-Jesuitak-Durango-1.png","width":512,"height":512,"caption":"Jesuitak Durango"},"image":{"@id":"https:\/\/www.durangojesuitak.org\/#\/schema\/logo\/image\/"}},{"@type":"Person","@id":"https:\/\/www.durangojesuitak.org\/#\/schema\/person\/b0663d1a0de214b73aa00895b6deffb0","name":"durangojesuitak","image":{"@type":"ImageObject","inLanguage":"es","@id":"https:\/\/www.durangojesuitak.org\/#\/schema\/person\/image\/","url":"https:\/\/secure.gravatar.com\/avatar\/5a71b39d060b6f8a6122f3c3b2878c21d272d8ff0f8fc337999a34d6f1c7e5f0?s=150&#038;d=mm&#038;r=gforcedefault=1","contentUrl":"https:\/\/secure.gravatar.com\/avatar\/5a71b39d060b6f8a6122f3c3b2878c21d272d8ff0f8fc337999a34d6f1c7e5f0?s=150&#038;d=mm&#038;r=gforcedefault=1","caption":"durangojesuitak"}}]}},"_links":{"self":[{"href":"https:\/\/www.durangojesuitak.org\/es\/wp-json\/wp\/v2\/posts\/9097","targetHints":{"allow":["GET"]}}],"collection":[{"href":"https:\/\/www.durangojesuitak.org\/es\/wp-json\/wp\/v2\/posts"}],"about":[{"href":"https:\/\/www.durangojesuitak.org\/es\/wp-json\/wp\/v2\/types\/post"}],"author":[{"embeddable":true,"href":"https:\/\/www.durangojesuitak.org\/es\/wp-json\/wp\/v2\/users\/3"}],"replies":[{"embeddable":true,"href":"https:\/\/www.durangojesuitak.org\/es\/wp-json\/wp\/v2\/comments?post=9097"}],"version-history":[{"count":3,"href":"https:\/\/www.durangojesuitak.org\/es\/wp-json\/wp\/v2\/posts\/9097\/revisions"}],"predecessor-version":[{"id":9102,"href":"https:\/\/www.durangojesuitak.org\/es\/wp-json\/wp\/v2\/posts\/9097\/revisions\/9102"}],"wp:featuredmedia":[{"embeddable":true,"href":"https:\/\/www.durangojesuitak.org\/es\/wp-json\/wp\/v2\/media\/9070"}],"wp:attachment":[{"href":"https:\/\/www.durangojesuitak.org\/es\/wp-json\/wp\/v2\/media?parent=9097"}],"wp:term":[{"taxonomy":"category","embeddable":true,"href":"https:\/\/www.durangojesuitak.org\/es\/wp-json\/wp\/v2\/categories?post=9097"},{"taxonomy":"post_tag","embeddable":true,"href":"https:\/\/www.durangojesuitak.org\/es\/wp-json\/wp\/v2\/tags?post=9097"}],"curies":[{"name":"wp","href":"https:\/\/api.w.org\/{rel}","templated":true}]}}